{"id":22005,"date":"2023-05-22T21:31:26","date_gmt":"2023-05-23T00:31:26","guid":{"rendered":"https:\/\/chacosintesis.com.ar\/?p=22005"},"modified":"2023-05-22T21:36:37","modified_gmt":"2023-05-23T00:36:37","slug":"guillon-zdero-dice-que-quiere-desactivar-una-bomba-pero-anda-con-los-fosforos-en-los-bolsillos","status":"publish","type":"post","link":"https:\/\/chacosintesis.com.ar\/index.php\/guillon-zdero-dice-que-quiere-desactivar-una-bomba-pero-anda-con-los-fosforos-en-los-bolsillos\/","title":{"rendered":"Guill\u00f3n: \u201cZdero dice que quiere desactivar una bomba pero anda con los f\u00f3sforos en los bolsillos\u201d"},"content":{"rendered":"<p>El precandidato a diputado provincial del Frente Chaque\u00f1o, Rub\u00e9n Guill\u00f3n, sali\u00f3 al cruce de las declaraciones del dirigente radical Leandro Zdero, a quien acus\u00f3 de \u201cdesconocer adrede el da\u00f1o que le hizo el macrismo a la Argentina, y al Chaco en particular\u201d.<br \/>\nLuego de que Zdero afirmara que si ganaba las elecciones iba a \u201cdesactivar la bomba de mecha corta que nos deja Capitanich\u201d, Guill\u00f3n pidi\u00f3 al actual diputado provincial \u201cbajar el nivel de cinismo, porque se est\u00e1 convirtiendo en el rey de las met\u00e1foras pero no se hace cargo de nada y no propone nada\u201d.<br \/>\n\u201cSi quiere desactivar bombas, que vaya y desactive la bomba del endeudamiento obsceno de su antiguo jefe pol\u00edtico, Mauricio Macri. Mientras \u00e9l cobraba un sueldo del Estado nacional sin trabajar y hac\u00eda campa\u00f1a para volver sentarse en una banca, su gobierno hund\u00eda al pa\u00eds en la peor crisis de las \u00faltimas d\u00e9cadas y empe\u00f1aba el futuro de diez generaciones. \u00bfO fue Capitanich el que le pidi\u00f3 45 mil millones de d\u00f3lares al Fondo?\u201d.<br \/>\n\u201cY si quiere desactivar otra bomba, que vaya y desactive la bomba de la coparticipaci\u00f3n de su nuevo jefe pol\u00edtico, Horacio Rodr\u00edguez Larreta, que se qued\u00f3 con miles de millones de pesos que tambi\u00e9n le corresponden al Chaco, y ni as\u00ed logra erradicar las ratas y los alacranes de las escuelas\u201d, a\u00f1adi\u00f3.<br \/>\nFinalmente, el referente de General San Mart\u00edn lament\u00f3 \u201cel exceso de chicanas y la ausencia de programas\u201d de la oposici\u00f3n, que \u201cimposibilitan el saludable debate de ideas\u201d. \u201cLo que tenemos en frente es un agitador que habla de bombas pero lleva los f\u00f3sforos en los bolsillos. Y son los f\u00f3sforos de los incendios que provocaron sus gobiernos\u201d.<\/p>\n","protected":false},"excerpt":{"rendered":"<p>El precandidato a diputado provincial del Frente Chaque\u00f1o, Rub\u00e9n Guill\u00f3n, sali\u00f3 al cruce de las declaraciones del dirigente radical Leandro Zdero, a quien acus\u00f3 de \u201cdesconocer adrede el da\u00f1o que le hizo el macrismo a la Argentina, y al Chaco en particular\u201d. Luego de que Zdero afirmara que si ganaba las elecciones iba a \u201cdesactivar [&hellip;]<\/p>\n","protected":false},"author":1,"featured_media":22006,"comment_status":"closed","ping_status":"closed","sticky":false,"template":"","format":"standard","meta":{"footnotes":""},"categories":[6],"tags":[],"class_list":{"0":"post-22005","1":"post","2":"type-post","3":"status-publish","4":"format-standard","5":"has-post-thumbnail","7":"category-chaco"},"_links":{"self":[{"href":"https:\/\/chacosintesis.com.ar\/index.php\/wp-json\/wp\/v2\/posts\/22005","targetHints":{"allow":["GET"]}}],"collection":[{"href":"https:\/\/chacosintesis.com.ar\/index.php\/wp-json\/wp\/v2\/posts"}],"about":[{"href":"https:\/\/chacosintesis.com.ar\/index.php\/wp-json\/wp\/v2\/types\/post"}],"author":[{"embeddable":true,"href":"https:\/\/chacosintesis.com.ar\/index.php\/wp-json\/wp\/v2\/users\/1"}],"replies":[{"embeddable":true,"href":"https:\/\/chacosintesis.com.ar\/index.php\/wp-json\/wp\/v2\/comments?post=22005"}],"version-history":[{"count":0,"href":"https:\/\/chacosintesis.com.ar\/index.php\/wp-json\/wp\/v2\/posts\/22005\/revisions"}],"wp:featuredmedia":[{"embeddable":true,"href":"https:\/\/chacosintesis.com.ar\/index.php\/wp-json\/wp\/v2\/media\/22006"}],"wp:attachment":[{"href":"https:\/\/chacosintesis.com.ar\/index.php\/wp-json\/wp\/v2\/media?parent=22005"}],"wp:term":[{"taxonomy":"category","embeddable":true,"href":"https:\/\/chacosintesis.com.ar\/index.php\/wp-json\/wp\/v2\/categories?post=22005"},{"taxonomy":"post_tag","embeddable":true,"href":"https:\/\/chacosintesis.com.ar\/index.php\/wp-json\/wp\/v2\/tags?post=22005"}],"curies":[{"name":"wp","href":"https:\/\/api.w.org\/{rel}","templated":true}]}}