{"id":22000,"date":"2023-05-22T15:53:45","date_gmt":"2023-05-22T18:53:45","guid":{"rendered":"https:\/\/chacosintesis.com.ar\/?p=22000"},"modified":"2023-05-22T16:06:46","modified_gmt":"2023-05-22T19:06:46","slug":"capitanich-pido-por-la-salud-de-nuestro-pueblo-y-mas-fuerzas-para-servir-a-los-demas","status":"publish","type":"post","link":"https:\/\/chacosintesis.com.ar\/index.php\/capitanich-pido-por-la-salud-de-nuestro-pueblo-y-mas-fuerzas-para-servir-a-los-demas\/","title":{"rendered":"Capitanich: &#8220;Pido por la salud de nuestro pueblo y m\u00e1s fuerzas para servir a los dem\u00e1s&#8221;"},"content":{"rendered":"<p>En una nueva celebraci\u00f3n de la patrona de los casos imposibles, el gobernador estuvo presente junto a fieles de diversas comunidades. \u201cDebemos trabajar con amor en la construcci\u00f3n del bien com\u00fan, las diferencias siempre se superan dialogando\u201d, asegur\u00f3.<br \/>\nEl gobernador Jorge Capitanich y la vicegobernadora Anal\u00eda Rach Quiroga participaron este lunes de la misa en conmemoraci\u00f3n a Santa Rita de Casia, en Puerto Tirol. Se trata de la celebraci\u00f3n anual a la patrona de las cosas imposibles, que congrega miles de fieles y visitantes a\u00f1o tras a\u00f1o en dicha localidad.<br \/>\nEl mandatario destac\u00f3 el mensaje del Monse\u00f1or Ram\u00f3n Alfredo Duz, en la celebraci\u00f3n: \u201cHa transmitido palabras muy importantes desde el punto de vista de la construcci\u00f3n del bien com\u00fan, eligiendo el Evangelio de San Lucas para profundizar en algo central en la vida de las personas, que es amar al pr\u00f3jimo como uno mismo\u201d, expres\u00f3.<br \/>\nCapitanich remarc\u00f3 que en este tiempo se vive una de las tres fiestas m\u00e1s importantes del tiempo \u201cpascual\u201d, que son la Pascuas de Resurrecci\u00f3n, la Ascensi\u00f3n y Pentecost\u00e9s. As\u00ed, reconoci\u00f3 la importancia de la figura de Santa Rita y su impacto en el pueblo chaque\u00f1o: \u201cNo solamente congrega a una participaci\u00f3n multitudinaria, sino tambi\u00e9n es importante lo que significa en cuanto a transformaci\u00f3n y la conversi\u00f3n en la vida personal\u201d, dijo.<br \/>\n\u201cDebemos trabajar con amor en la construcci\u00f3n del bien com\u00fan, las diferencias siempre se superan dialogando, e inclusive las diferencias pol\u00edticas que podamos tener no pueden dejar de hacernos sentir como hermanos\u201d, sostuvo el mandatario, y agreg\u00f3: \u201cpersonalmente, siempre pido por la salud de nuestro pueblo, por el amor hacia nuestro pueblo y sobre todo por la energ\u00eda necesaria y suficiente para servir a los dem\u00e1s\u201d.<br \/>\nRecord\u00f3 adem\u00e1s que el Gobierno llev\u00f3 adelante un convenio de aproximaci\u00f3n con el s\u00edndico de Cascia. \u201cYo estuve en Cascia, propiciamos un encuentro para establecer un convenio de hermandad, cuesti\u00f3n que hay que seguir manteni\u00e9ndolo en forma persistente, porque para nosotros es clave la hermandad con Puerto Tirol, en virtud de lo que significa esta celebraci\u00f3n\u201d, mencion\u00f3.<br \/>\nEstuvieron presentes adem\u00e1s el diputado provincial Hugo Sager, el ministro de Gobierno y Trabajo, Juan Manuel Chapo, el intendente de Puerto Tirol, Humberto de Pompert Bangher, el intendente de Resistencia, Gustavo Mart\u00ednez, Mariela Guerra y Carla Prette de la Fundaci\u00f3n Chaco Solidario y el diputado Nicol\u00e1s Slimel.<br \/>\n&#8220;La devoci\u00f3n por Santa Rita se ha transformado en un fen\u00f3meno social y espiritual siendo el lugar con mayor concentraci\u00f3n de fieles cat\u00f3licos despu\u00e9s de Itat\u00ed\u201d, remarc\u00f3 Sager, y asegur\u00f3 que el evento significa \u201cuna gran responsabilidad para la localidad de poder recibir a todos y tambi\u00e9n para la iglesia, de ir incorpor\u00e1ndose en el turismo religioso\u201d.<br \/>\n<<a href=\"http:\/\/www.avg.com\/email-signature?utm_medium=email&#038;utm_source=link&#038;utm_campaign=sig-email&#038;utm_content=webmail\">www.avg.com\/email-signature?utm_medium=email&amp;utm_source=link&amp;utm_campaign=sig-email&amp;utm_content=webmail<\/a>> Libre de virus.www.avg.com <<a href=\"http:\/\/www.avg.com\/email-signature?utm_medium=email&#038;utm_source=link&#038;utm_campaign=sig-email&#038;utm_content=webmail\">www.avg.com\/email-signature?utm_medium=email&amp;utm_source=link&amp;utm_campaign=sig-email&amp;utm_content=webmail<\/a>> <#DAB4FAD8-2DD7-40BB-A1B8-4E2AA1F9FDF2><\/p>\n","protected":false},"excerpt":{"rendered":"<p>En una nueva celebraci\u00f3n de la patrona de los casos imposibles, el gobernador estuvo presente junto a fieles de diversas comunidades. \u201cDebemos trabajar con amor en la construcci\u00f3n del bien com\u00fan, las diferencias siempre se superan dialogando\u201d, asegur\u00f3. El gobernador Jorge Capitanich y la vicegobernadora Anal\u00eda Rach Quiroga participaron este lunes de la misa en [&hellip;]<\/p>\n","protected":false},"author":1,"featured_media":22001,"comment_status":"closed","ping_status":"closed","sticky":false,"template":"","format":"standard","meta":{"footnotes":""},"categories":[6],"tags":[],"class_list":{"0":"post-22000","1":"post","2":"type-post","3":"status-publish","4":"format-standard","5":"has-post-thumbnail","7":"category-chaco"},"_links":{"self":[{"href":"https:\/\/chacosintesis.com.ar\/index.php\/wp-json\/wp\/v2\/posts\/22000","targetHints":{"allow":["GET"]}}],"collection":[{"href":"https:\/\/chacosintesis.com.ar\/index.php\/wp-json\/wp\/v2\/posts"}],"about":[{"href":"https:\/\/chacosintesis.com.ar\/index.php\/wp-json\/wp\/v2\/types\/post"}],"author":[{"embeddable":true,"href":"https:\/\/chacosintesis.com.ar\/index.php\/wp-json\/wp\/v2\/users\/1"}],"replies":[{"embeddable":true,"href":"https:\/\/chacosintesis.com.ar\/index.php\/wp-json\/wp\/v2\/comments?post=22000"}],"version-history":[{"count":0,"href":"https:\/\/chacosintesis.com.ar\/index.php\/wp-json\/wp\/v2\/posts\/22000\/revisions"}],"wp:featuredmedia":[{"embeddable":true,"href":"https:\/\/chacosintesis.com.ar\/index.php\/wp-json\/wp\/v2\/media\/22001"}],"wp:attachment":[{"href":"https:\/\/chacosintesis.com.ar\/index.php\/wp-json\/wp\/v2\/media?parent=22000"}],"wp:term":[{"taxonomy":"category","embeddable":true,"href":"https:\/\/chacosintesis.com.ar\/index.php\/wp-json\/wp\/v2\/categories?post=22000"},{"taxonomy":"post_tag","embeddable":true,"href":"https:\/\/chacosintesis.com.ar\/index.php\/wp-json\/wp\/v2\/tags?post=22000"}],"curies":[{"name":"wp","href":"https:\/\/api.w.org\/{rel}","templated":true}]}}