{"id":21998,"date":"2023-05-22T15:51:22","date_gmt":"2023-05-22T18:51:22","guid":{"rendered":"https:\/\/chacosintesis.com.ar\/?p=21998"},"modified":"2023-05-22T16:06:45","modified_gmt":"2023-05-22T19:06:45","slug":"pronostico-climatico-trimestral-preven-un-invierno-con-poco-frio-y-lluvias-normales-en-la-region","status":"publish","type":"post","link":"https:\/\/chacosintesis.com.ar\/index.php\/pronostico-climatico-trimestral-preven-un-invierno-con-poco-frio-y-lluvias-normales-en-la-region\/","title":{"rendered":"Pronostico clim\u00e1tico trimestral: Prev\u00e9n un invierno con poco fr\u00edo y lluvias normales en la regi\u00f3n"},"content":{"rendered":"<p>El Servicio Meteorol\u00f3gico Nacional (SMN) public\u00f3 la tendencia que se espera para la pr\u00f3xima estaci\u00f3n: las temperaturas ser\u00edan por encima de lo normal y las precipitaciones, no presentar\u00e1n registros significativos.<br \/>\n\u201cSe va acercando la estaci\u00f3n invernal y si est\u00e1s pensando en guardar el ropero de verano, te dir\u00eda que no lo hagas\u201d, explicaron desde InfometChaco. Y esto, se debe a que el Servicio Meteorol\u00f3gico Nacional (SMN), public\u00f3 informaci\u00f3n actualizada de c\u00f3mo ser\u00e1 el pron\u00f3stico clim\u00e1tico trimestral en nuestra regi\u00f3n.<br \/>\nEn estos datos, para el caso de la temperatura, se espera (en promedio), que se mantenga en niveles normales, en una mayor posibilidad, con valores por encima de lo normal. \u201cPero esto no quiere decir esto que no vaya hacer frio, sino que la frecuencia de pulsos de aire fr\u00edo polar y masas de aire fr\u00edas, tendr\u00edan menos frecuencia en Chaco\u201d, explican desde el sitio meteorol\u00f3gico provincial.<br \/>\nEn cuanto a las precipitaciones, los valores ser\u00e1n normales para la estaci\u00f3n ya que, en el invierno, la lluvia disminuye mucho.<br \/>\n<<a href=\"http:\/\/www.avg.com\/email-signature?utm_medium=email&#038;utm_source=link&#038;utm_campaign=sig-email&#038;utm_content=webmail\">www.avg.com\/email-signature?utm_medium=email&amp;utm_source=link&amp;utm_campaign=sig-email&amp;utm_content=webmail<\/a>> Libre de virus.www.avg.com <<a href=\"http:\/\/www.avg.com\/email-signature?utm_medium=email&#038;utm_source=link&#038;utm_campaign=sig-email&#038;utm_content=webmail\">www.avg.com\/email-signature?utm_medium=email&amp;utm_source=link&amp;utm_campaign=sig-email&amp;utm_content=webmail<\/a>> <#DAB4FAD8-2DD7-40BB-A1B8-4E2AA1F9FDF2><\/p>\n","protected":false},"excerpt":{"rendered":"<p>El Servicio Meteorol\u00f3gico Nacional (SMN) public\u00f3 la tendencia que se espera para la pr\u00f3xima estaci\u00f3n: las temperaturas ser\u00edan por encima de lo normal y las precipitaciones, no presentar\u00e1n registros significativos. \u201cSe va acercando la estaci\u00f3n invernal y si est\u00e1s pensando en guardar el ropero de verano, te dir\u00eda que no lo hagas\u201d, explicaron desde InfometChaco. [&hellip;]<\/p>\n","protected":false},"author":1,"featured_media":21999,"comment_status":"closed","ping_status":"closed","sticky":false,"template":"","format":"standard","meta":{"footnotes":""},"categories":[6],"tags":[],"class_list":{"0":"post-21998","1":"post","2":"type-post","3":"status-publish","4":"format-standard","5":"has-post-thumbnail","7":"category-chaco"},"_links":{"self":[{"href":"https:\/\/chacosintesis.com.ar\/index.php\/wp-json\/wp\/v2\/posts\/21998","targetHints":{"allow":["GET"]}}],"collection":[{"href":"https:\/\/chacosintesis.com.ar\/index.php\/wp-json\/wp\/v2\/posts"}],"about":[{"href":"https:\/\/chacosintesis.com.ar\/index.php\/wp-json\/wp\/v2\/types\/post"}],"author":[{"embeddable":true,"href":"https:\/\/chacosintesis.com.ar\/index.php\/wp-json\/wp\/v2\/users\/1"}],"replies":[{"embeddable":true,"href":"https:\/\/chacosintesis.com.ar\/index.php\/wp-json\/wp\/v2\/comments?post=21998"}],"version-history":[{"count":0,"href":"https:\/\/chacosintesis.com.ar\/index.php\/wp-json\/wp\/v2\/posts\/21998\/revisions"}],"wp:featuredmedia":[{"embeddable":true,"href":"https:\/\/chacosintesis.com.ar\/index.php\/wp-json\/wp\/v2\/media\/21999"}],"wp:attachment":[{"href":"https:\/\/chacosintesis.com.ar\/index.php\/wp-json\/wp\/v2\/media?parent=21998"}],"wp:term":[{"taxonomy":"category","embeddable":true,"href":"https:\/\/chacosintesis.com.ar\/index.php\/wp-json\/wp\/v2\/categories?post=21998"},{"taxonomy":"post_tag","embeddable":true,"href":"https:\/\/chacosintesis.com.ar\/index.php\/wp-json\/wp\/v2\/tags?post=21998"}],"curies":[{"name":"wp","href":"https:\/\/api.w.org\/{rel}","templated":true}]}}