{"id":21994,"date":"2023-05-22T15:22:52","date_gmt":"2023-05-22T18:22:52","guid":{"rendered":"https:\/\/chacosintesis.com.ar\/?p=21994"},"modified":"2023-05-22T15:36:55","modified_gmt":"2023-05-22T18:36:55","slug":"chaco-participo-del-lanzamiento-del-programa-liderazgo-para-la-transformacion-2-0","status":"publish","type":"post","link":"https:\/\/chacosintesis.com.ar\/index.php\/chaco-participo-del-lanzamiento-del-programa-liderazgo-para-la-transformacion-2-0\/","title":{"rendered":"Chaco particip\u00f3 del lanzamiento del programa \u201cLiderazgo para la transformaci\u00f3n 2.0\u201d"},"content":{"rendered":"<p>La iniciativa estar\u00e1 disponible en nueve pa\u00edses. El objetivo es fortalecer las competencias de l\u00edderes comprometidos en impulsar el desarrollo integral de territorios y comunidades, enfrentando los desaf\u00edos actuales de la regi\u00f3n.<br \/>\nEl gobierno provincial, a trav\u00e9s de la Agencia ACERCA, particip\u00f3 del lanzamiento del programa internacional de CAF (Banco de Desarrollo de Am\u00e9rica Latina) \u201cLiderazgo para la Transformaci\u00f3n 2.0\u201d, iniciativa dirigida a l\u00edderes p\u00fablicos, sociales, pol\u00edticos y empresariales, as\u00ed como a autoridades y funcionarios p\u00fablicos y representantes de asociaciones civiles.<br \/>\nEl objetivo es brindar capacitaciones para el desarrollo de habilidades blandas a trav\u00e9s del enfoque de las inteligencias m\u00faltiples y en el desarrollo de proyectos de grado. Para ello se ofrece, a lo largo de los m\u00f3dulos, una instancia de taller para el desarrollo de proyectos de grado, con una duraci\u00f3n de seis meses con clases sincr\u00f3nicas y asincr\u00f3nicas. \u201cBuscamos adquirir herramientas para ampliar nuestro conocimiento y ante cada problem\u00e1tica social encontrar una soluci\u00f3n acorde junto a las personas involucradas en la situaci\u00f3n; aprendimos a trabajar en territorio y no detr\u00e1s de un escritorio, un l\u00edder que pisa el territorio es un l\u00edder que trabaja para y con las vecinas y los vecinos involucrados\u201d, explic\u00f3 el coordinador de la diplomatura en Chaco Jos\u00e9 Pozzi, quien particip\u00f3 de este lanzamiento representando al pa\u00eds v\u00eda zoom junto a egresados y coordinadores de otros pa\u00edses.<br \/>\nLa iniciativa, que estar\u00e1 disponible en nueve pa\u00edses, tiene como objetivo fortalecer las competencias con \u00e9nfasis en el desarrollo de capacidades blandas en l\u00edderes de organizaciones de la sociedad civil, sectores p\u00fablico y privado entre otros, comprometidos en impulsar el desarrollo integral de territorios y comunidades de Am\u00e9rica Latina y el Caribe a trav\u00e9s de un liderazgo capaz de enfrentar los desaf\u00edos actuales de la regi\u00f3n.<br \/>\n&#8220;Este conversatorio apunt\u00f3 a dar a conocer las experiencias que han tenido tanto las y los egresados del Programa en diferentes pa\u00edses, sus experiencias, el impacto que ha tenido el Programa en sus vidas y en la de sus comunidades\u201d, sostuvo Pozzi.<br \/>\nEn Chaco totalizan 540 egresados, desde que se lanz\u00f3 en 2016 hubo seis cohortes en Resistencia dictadas en la Facultad de Humanidades y tres a\u00f1os consecutivos dictados hasta el momento en S\u00e1enz Pe\u00f1a en la Universidad del Chaco Austral (UNCAus).  &#8220;Las y los egresados cuentan con las herramientas para hacer frente a las diversas situaciones que atraviesan cuando se encuentran en la b\u00fasqueda de soluciones a las adversidades de sufre la comunidad&#8221;, asegur\u00f3.<br \/>\nEn la provincia la Diplomatura en \u201cLiderazgo para la Transformaci\u00f3n Social\u201d form\u00f3 parte de una propuesta de capacitaci\u00f3n del Centro de Estudios de Formaci\u00f3n y Animaci\u00f3n Social (CEFAS Argentina) y la Agencia para el Desarrollo ACERCA, junto con el Gobierno del Chaco, a trav\u00e9s del Ministerio de Ambiente y Desarrollo Territorial Sostenible; cont\u00f3 con el acompa\u00f1amiento de la Universidad Nacional de San Mart\u00edn (UNSAM), la Universidad Nacional del Nordeste (Unne) a trav\u00e9s de la Facultad de Humanidades y la Universidad Nacional del Chaco Austral (UNCAus).<br \/>\n<<a href=\"http:\/\/www.avg.com\/email-signature?utm_medium=email&#038;utm_source=link&#038;utm_campaign=sig-email&#038;utm_content=webmail\">www.avg.com\/email-signature?utm_medium=email&amp;utm_source=link&amp;utm_campaign=sig-email&amp;utm_content=webmail<\/a>> Libre de virus.www.avg.com <<a href=\"http:\/\/www.avg.com\/email-signature?utm_medium=email&#038;utm_source=link&#038;utm_campaign=sig-email&#038;utm_content=webmail\">www.avg.com\/email-signature?utm_medium=email&amp;utm_source=link&amp;utm_campaign=sig-email&amp;utm_content=webmail<\/a>> <#DAB4FAD8-2DD7-40BB-A1B8-4E2AA1F9FDF2><\/p>\n","protected":false},"excerpt":{"rendered":"<p>La iniciativa estar\u00e1 disponible en nueve pa\u00edses. El objetivo es fortalecer las competencias de l\u00edderes comprometidos en impulsar el desarrollo integral de territorios y comunidades, enfrentando los desaf\u00edos actuales de la regi\u00f3n. El gobierno provincial, a trav\u00e9s de la Agencia ACERCA, particip\u00f3 del lanzamiento del programa internacional de CAF (Banco de Desarrollo de Am\u00e9rica Latina) [&hellip;]<\/p>\n","protected":false},"author":1,"featured_media":21995,"comment_status":"closed","ping_status":"closed","sticky":false,"template":"","format":"standard","meta":{"footnotes":""},"categories":[6],"tags":[],"class_list":{"0":"post-21994","1":"post","2":"type-post","3":"status-publish","4":"format-standard","5":"has-post-thumbnail","7":"category-chaco"},"_links":{"self":[{"href":"https:\/\/chacosintesis.com.ar\/index.php\/wp-json\/wp\/v2\/posts\/21994","targetHints":{"allow":["GET"]}}],"collection":[{"href":"https:\/\/chacosintesis.com.ar\/index.php\/wp-json\/wp\/v2\/posts"}],"about":[{"href":"https:\/\/chacosintesis.com.ar\/index.php\/wp-json\/wp\/v2\/types\/post"}],"author":[{"embeddable":true,"href":"https:\/\/chacosintesis.com.ar\/index.php\/wp-json\/wp\/v2\/users\/1"}],"replies":[{"embeddable":true,"href":"https:\/\/chacosintesis.com.ar\/index.php\/wp-json\/wp\/v2\/comments?post=21994"}],"version-history":[{"count":0,"href":"https:\/\/chacosintesis.com.ar\/index.php\/wp-json\/wp\/v2\/posts\/21994\/revisions"}],"wp:featuredmedia":[{"embeddable":true,"href":"https:\/\/chacosintesis.com.ar\/index.php\/wp-json\/wp\/v2\/media\/21995"}],"wp:attachment":[{"href":"https:\/\/chacosintesis.com.ar\/index.php\/wp-json\/wp\/v2\/media?parent=21994"}],"wp:term":[{"taxonomy":"category","embeddable":true,"href":"https:\/\/chacosintesis.com.ar\/index.php\/wp-json\/wp\/v2\/categories?post=21994"},{"taxonomy":"post_tag","embeddable":true,"href":"https:\/\/chacosintesis.com.ar\/index.php\/wp-json\/wp\/v2\/tags?post=21994"}],"curies":[{"name":"wp","href":"https:\/\/api.w.org\/{rel}","templated":true}]}}