{"id":219900,"date":"2026-04-24T16:07:51","date_gmt":"2026-04-24T19:07:51","guid":{"rendered":"http:\/\/chacosintesis.com.ar\/index.php\/la-dura-sancion-de-la-uefa-al-argentino-gianluca-prestianni-se-pierde-el-mundial-2026\/"},"modified":"2026-04-24T16:07:51","modified_gmt":"2026-04-24T19:07:51","slug":"la-dura-sancion-de-la-uefa-al-argentino-gianluca-prestianni-se-pierde-el-mundial-2026","status":"publish","type":"post","link":"https:\/\/chacosintesis.com.ar\/index.php\/la-dura-sancion-de-la-uefa-al-argentino-gianluca-prestianni-se-pierde-el-mundial-2026\/","title":{"rendered":"La dura sanci\u00f3n de la UEFA al argentino Gianluca Prestianni: \u00bfse pierde el Mundial 2026?"},"content":{"rendered":"<p><\/p>\n<div id=\"\">\n<p id=\"p-1777050232390-69822\"><strong> Gianluca Prestianni fue sancionado por la UEFA<\/strong> por <strong>conducta discriminatoria<\/strong> tras un cruce con <strong>Vin\u00edcius J\u00fanior <\/strong>durante el <a href=\"https:\/\/www.ambito.com\/deportes\/boca-suma-14-partidos-perder-claudio-ubeda-y-se-acerca-marcas-historicas-n6270397\" target=\"_blank\" rel=\"follow\">partido<\/a> del 17 de febrero entre el Benfica y el Real Madrid en la Champions League.<\/p>\n<\/div>\n<div id=\"\">\n<p id=\"p-1777048866195-23996\" data-start=\"0\" data-end=\"254\">La <strong>suspensi\u00f3n incluye seis fechas<\/strong>: tres son de cumplimiento efectivo, mientras que las otras quedaran en periodo de prueba por dos a\u00f1os. Seg\u00fan el informe, el castigo no responde a una acci\u00f3n racista, como se especul\u00f3 en un primer momento, sino a <strong>expresiones de car\u00e1cter<\/strong> <strong>homof\u00f3bico<\/strong>.<\/p>\n<\/div>\n<div id=\"\">\n<p id=\"p-1777048794006-71256\" data-start=\"256\" data-end=\"481\" data-is-last-node=\"\" data-is-only-node=\"\">Adem\u00e1s, <strong>el organismo pidi\u00f3 a la FIFA que la penalizaci\u00f3n se aplique a<\/strong> <strong>nivel global<\/strong>. Si se aprueba, el delantero no podr\u00eda jugar con la Selecci\u00f3n Argentina y su presencia en el <strong>Mundial 2026<\/strong> quedar\u00eda comprometida.<\/p>\n<\/div>\n<div id=\"\">\n<h2 id=\"p-1777048527061-32591\">Por qu\u00e9 sancionaron a Gianluca Prestianni<\/h2>\n<p id=\"p-1777048564783-16034\" data-start=\"1602\" data-end=\"1979\">La UEFA resolvi\u00f3 suspender a Gianluca Prestianni por un total de <strong>seis partidos oficiales<\/strong> tras determinar que incurri\u00f3 en una<strong> &#8220;conducta discriminatoria&#8221;<\/strong> durante los play-off de la Champions League.<\/p>\n<p id=\"p-1777049136930-91806\" data-start=\"1602\" data-end=\"1979\">La decisi\u00f3n fue tomada por el <strong>Comit\u00e9 de Control, \u00c9tica y Disciplina<\/strong> luego de analizar pruebas audiovisuales y testimonios vinculados al cruce que el argentino protagoniz\u00f3 con Vin\u00edcius J\u00fanior.<\/p>\n<p id=\"p-1777048778296-57996\" class=\"\" data-mrf-recirculation=\"Links inline\">&#8220;<strong>Suspender al jugador del SL Benfica, Gianluca Prestianni, por un total de seis (6) partidos oficiales de clubes y\/o selecciones nacionales de la UEFA<\/strong> para los que de otro modo ser\u00eda elegible, por conducta discriminatoria (es decir, homof\u00f3bica). La suspensi\u00f3n por tres (3) de estos partidos est\u00e1 sujeta a un per\u00edodo de prueba de dos (2) a\u00f1os, a partir de la fecha de la presente decisi\u00f3n&#8221;, menciona el comunicado.<\/p>\n<p id=\"p-1777048564783-72423\" data-start=\"2326\" data-end=\"2699\">La sanci\u00f3n ya contempla el partido del <strong>25 de febrero<\/strong> contra en el Real Madrid, en el que el futbolista no particip\u00f3.<\/p>\n<div contenteditable=\"false\" class=\"embed_cont type_imagen\" id=\"8216062-Libre-1301066173_wrap\">\n<p>Gianluca Prestianni 2 <span onclick=\"parent.parent.TinyMCETdcuerpo.preview_embed('8216062-Libre-1301066173')\" class=\"embed_colapse less\" id=\"8216062-Libre-1301066173_colapse\"\/>  <span onclick=\"parent.parent.TinyMCETdcuerpo.delete_embed('8216062-Libre-1301066173')\" class=\"embed_delete less\" id=\"8216062-Libre-1301066173_delete\"\/><\/p>\n<div id=\"8216062-Libre-1301066173_content\" class=\"embed_content\"><img decoding=\"async\" src=\"data:image\/gif;base64,R0lGODlhAQABAIAAAAAAAP\/\/\/ywAAAAAAQABAAACAUwAOw==\" fifu-lazy=\"1\" fifu-data-sizes=\"auto\" fifu-data-srcset=\"https:\/\/i2.wp.com\/chacosintesis.com.ar\/wp-content\/uploads\/2026\/04\/La-dura-sancion-de-la-UEFA-al-argentino-Gianluca-Prestianni.webp.webp?ssl=1&w=75&resize=75&ssl=1 75w, https:\/\/i2.wp.com\/chacosintesis.com.ar\/wp-content\/uploads\/2026\/04\/La-dura-sancion-de-la-UEFA-al-argentino-Gianluca-Prestianni.webp.webp?ssl=1&w=100&resize=100&ssl=1 100w, https:\/\/i2.wp.com\/chacosintesis.com.ar\/wp-content\/uploads\/2026\/04\/La-dura-sancion-de-la-UEFA-al-argentino-Gianluca-Prestianni.webp.webp?ssl=1&w=150&resize=150&ssl=1 150w, https:\/\/i2.wp.com\/chacosintesis.com.ar\/wp-content\/uploads\/2026\/04\/La-dura-sancion-de-la-UEFA-al-argentino-Gianluca-Prestianni.webp.webp?ssl=1&w=240&resize=240&ssl=1 240w, https:\/\/i2.wp.com\/chacosintesis.com.ar\/wp-content\/uploads\/2026\/04\/La-dura-sancion-de-la-UEFA-al-argentino-Gianluca-Prestianni.webp.webp?ssl=1&w=320&resize=320&ssl=1 320w, https:\/\/i2.wp.com\/chacosintesis.com.ar\/wp-content\/uploads\/2026\/04\/La-dura-sancion-de-la-UEFA-al-argentino-Gianluca-Prestianni.webp.webp?ssl=1&w=500&resize=500&ssl=1 500w, https:\/\/i2.wp.com\/chacosintesis.com.ar\/wp-content\/uploads\/2026\/04\/La-dura-sancion-de-la-UEFA-al-argentino-Gianluca-Prestianni.webp.webp?ssl=1&w=640&resize=640&ssl=1 640w, https:\/\/i2.wp.com\/chacosintesis.com.ar\/wp-content\/uploads\/2026\/04\/La-dura-sancion-de-la-UEFA-al-argentino-Gianluca-Prestianni.webp.webp?ssl=1&w=800&resize=800&ssl=1 800w, https:\/\/i2.wp.com\/chacosintesis.com.ar\/wp-content\/uploads\/2026\/04\/La-dura-sancion-de-la-UEFA-al-argentino-Gianluca-Prestianni.webp.webp?ssl=1&w=1024&resize=1024&ssl=1 1024w, https:\/\/i2.wp.com\/chacosintesis.com.ar\/wp-content\/uploads\/2026\/04\/La-dura-sancion-de-la-UEFA-al-argentino-Gianluca-Prestianni.webp.webp?ssl=1&w=1280&resize=1280&ssl=1 1280w, https:\/\/i2.wp.com\/chacosintesis.com.ar\/wp-content\/uploads\/2026\/04\/La-dura-sancion-de-la-UEFA-al-argentino-Gianluca-Prestianni.webp.webp?ssl=1&w=1600&resize=1600&ssl=1 1600w\" fifu-data-src=\"https:\/\/i2.wp.com\/chacosintesis.com.ar\/wp-content\/uploads\/2026\/04\/La-dura-sancion-de-la-UEFA-al-argentino-Gianluca-Prestianni.webp.webp?ssl=1\" alt=\"\" title=\"\" width=\"730\" height=\"undefined\" id=\"8216062-Libre-1301066173_embed\"\/><\/div>\n<\/p><\/div>\n<p id=\"p-1777049418635-30167\">La investigaci\u00f3n se abri\u00f3 a ra\u00edz de las denuncias de Vin\u00edcius J\u00fanior sobre <strong>insultos racistas<\/strong> durante el desarrollo del partido. Seg\u00fan detall\u00f3 ESPN, &#8220;el jugador argentino del equipo portugu\u00e9s declar\u00f3 en su testimonio que<strong> llam\u00f3 al delantero brasile\u00f1o &#8216;maric\u00f3n&#8217; y no &#8216;mono&#8217;<\/strong>&#8220;.<\/p>\n<p id=\"p-1777049418635-48746\">La directiva del Benfica le brind\u00f3 su apoyo al delantero desde el inicio de la controversia. &#8220;No estuve en el campo para saber qu\u00e9 se dijo o no. <strong>Creemos en la palabra de nuestro jugador<\/strong>. Conocemos a los jugadores que tenemos en casa. <strong>Prestianni es todo, menos racista<\/strong>. Defendemos al jugador. La sentencia no se ha dictado; es solo una suspensi\u00f3n&#8221;, expres\u00f3 hace unas semanas el presidente del club, <strong>Rui Costa<\/strong>, a los medios &#8220;A Bola&#8221;, &#8220;AS&#8221; y &#8220;Mundo Deportivo&#8221;.<\/p>\n<div contenteditable=\"false\" class=\"embed_cont type_imagen\" id=\"8216063-Libre-1214784347_wrap\">\n<p>Gianluca Prestianni <span onclick=\"parent.parent.TinyMCETdcuerpo.preview_embed('8216063-Libre-1214784347')\" class=\"embed_colapse less\" id=\"8216063-Libre-1214784347_colapse\"\/>  <span onclick=\"parent.parent.TinyMCETdcuerpo.delete_embed('8216063-Libre-1214784347')\" class=\"embed_delete less\" id=\"8216063-Libre-1214784347_delete\"\/><\/p>\n<div id=\"8216063-Libre-1214784347_content\" class=\"embed_content\"><img decoding=\"async\" src=\"data:image\/gif;base64,R0lGODlhAQABAIAAAAAAAP\/\/\/ywAAAAAAQABAAACAUwAOw==\" fifu-lazy=\"1\" fifu-data-sizes=\"auto\" fifu-data-srcset=\"https:\/\/i3.wp.com\/chacosintesis.com.ar\/wp-content\/uploads\/2026\/04\/1777057671_987_La-dura-sancion-de-la-UEFA-al-argentino-Gianluca-Prestianni.webp.webp?ssl=1&w=75&resize=75&ssl=1 75w, https:\/\/i3.wp.com\/chacosintesis.com.ar\/wp-content\/uploads\/2026\/04\/1777057671_987_La-dura-sancion-de-la-UEFA-al-argentino-Gianluca-Prestianni.webp.webp?ssl=1&w=100&resize=100&ssl=1 100w, https:\/\/i3.wp.com\/chacosintesis.com.ar\/wp-content\/uploads\/2026\/04\/1777057671_987_La-dura-sancion-de-la-UEFA-al-argentino-Gianluca-Prestianni.webp.webp?ssl=1&w=150&resize=150&ssl=1 150w, https:\/\/i3.wp.com\/chacosintesis.com.ar\/wp-content\/uploads\/2026\/04\/1777057671_987_La-dura-sancion-de-la-UEFA-al-argentino-Gianluca-Prestianni.webp.webp?ssl=1&w=240&resize=240&ssl=1 240w, https:\/\/i3.wp.com\/chacosintesis.com.ar\/wp-content\/uploads\/2026\/04\/1777057671_987_La-dura-sancion-de-la-UEFA-al-argentino-Gianluca-Prestianni.webp.webp?ssl=1&w=320&resize=320&ssl=1 320w, https:\/\/i3.wp.com\/chacosintesis.com.ar\/wp-content\/uploads\/2026\/04\/1777057671_987_La-dura-sancion-de-la-UEFA-al-argentino-Gianluca-Prestianni.webp.webp?ssl=1&w=500&resize=500&ssl=1 500w, https:\/\/i3.wp.com\/chacosintesis.com.ar\/wp-content\/uploads\/2026\/04\/1777057671_987_La-dura-sancion-de-la-UEFA-al-argentino-Gianluca-Prestianni.webp.webp?ssl=1&w=640&resize=640&ssl=1 640w, https:\/\/i3.wp.com\/chacosintesis.com.ar\/wp-content\/uploads\/2026\/04\/1777057671_987_La-dura-sancion-de-la-UEFA-al-argentino-Gianluca-Prestianni.webp.webp?ssl=1&w=800&resize=800&ssl=1 800w, https:\/\/i3.wp.com\/chacosintesis.com.ar\/wp-content\/uploads\/2026\/04\/1777057671_987_La-dura-sancion-de-la-UEFA-al-argentino-Gianluca-Prestianni.webp.webp?ssl=1&w=1024&resize=1024&ssl=1 1024w, https:\/\/i3.wp.com\/chacosintesis.com.ar\/wp-content\/uploads\/2026\/04\/1777057671_987_La-dura-sancion-de-la-UEFA-al-argentino-Gianluca-Prestianni.webp.webp?ssl=1&w=1280&resize=1280&ssl=1 1280w, https:\/\/i3.wp.com\/chacosintesis.com.ar\/wp-content\/uploads\/2026\/04\/1777057671_987_La-dura-sancion-de-la-UEFA-al-argentino-Gianluca-Prestianni.webp.webp?ssl=1&w=1600&resize=1600&ssl=1 1600w\" fifu-data-src=\"https:\/\/i3.wp.com\/chacosintesis.com.ar\/wp-content\/uploads\/2026\/04\/1777057671_987_La-dura-sancion-de-la-UEFA-al-argentino-Gianluca-Prestianni.webp.webp?ssl=1\" alt=\"\" title=\"\" width=\"730\" height=\"undefined\" id=\"8216063-Libre-1214784347_embed\"\/><\/div>\n<\/p><\/div>\n<h2 id=\"p-1777049971044-17624\"\/>\n<h2 id=\"p-1777048530353-20766\">\u00bfSe puede perder el Mundial 2026?<\/h2>\n<p id=\"p-1777048605154-4036\" data-start=\"2977\" data-end=\"3254\">La <strong>UEFA <\/strong>elev\u00f3 formalmente un pedido a la FIFA para que el castigo se extienda a <strong>nivel mundial<\/strong>. Si la entidad acepta esta solicitud, Prestianni no podr\u00eda disputar partidos oficiales con la Selecci\u00f3n Argentina mientras est\u00e9 vigente la sanci\u00f3n.<\/p>\n<p id=\"p-1777049244424-13686\" data-start=\"2977\" data-end=\"3254\">Esto modificar\u00eda por completo su panorama, ya que podr\u00eda quedarse sin competir en un momento clave previo al Mundial. Su presencia tambi\u00e9n depender\u00e1 de la postura que adopte <strong>Lionel Scaloni<\/strong> al momento de <strong>definir la lista final<\/strong>.<\/p>\n<p id=\"p-1777048605154-53644\" data-start=\"4429\" data-end=\"4738\">El delantero todav\u00eda tiene <strong>instancias legales<\/strong> por delante. Puede apelar dentro de la propia UEFA y, en caso de no obtener una respuesta favorable, recurrir al <strong>Tribunal de Arbitraje Deportivo (TAS)<\/strong> en busca de una medida <strong>cautelar <\/strong>que le permita competir mientras se resuelve la cuesti\u00f3n.<\/p>\n<div contenteditable=\"false\" class=\"embed_cont type_imagen\" id=\"8216064-Libre-598110013_wrap\">\n<p>Gianluca Prestianni2 <span onclick=\"parent.parent.TinyMCETdcuerpo.preview_embed('8216064-Libre-598110013')\" class=\"embed_colapse less\" id=\"8216064-Libre-598110013_colapse\"\/>  <span onclick=\"parent.parent.TinyMCETdcuerpo.delete_embed('8216064-Libre-598110013')\" class=\"embed_delete less\" id=\"8216064-Libre-598110013_delete\"\/><\/p>\n<div id=\"8216064-Libre-598110013_content\" class=\"embed_content\"><img decoding=\"async\" src=\"data:image\/gif;base64,R0lGODlhAQABAIAAAAAAAP\/\/\/ywAAAAAAQABAAACAUwAOw==\" fifu-lazy=\"1\" fifu-data-sizes=\"auto\" fifu-data-srcset=\"https:\/\/i3.wp.com\/chacosintesis.com.ar\/wp-content\/uploads\/2026\/04\/1777057671_186_La-dura-sancion-de-la-UEFA-al-argentino-Gianluca-Prestianni.webp.webp?ssl=1&w=75&resize=75&ssl=1 75w, https:\/\/i3.wp.com\/chacosintesis.com.ar\/wp-content\/uploads\/2026\/04\/1777057671_186_La-dura-sancion-de-la-UEFA-al-argentino-Gianluca-Prestianni.webp.webp?ssl=1&w=100&resize=100&ssl=1 100w, https:\/\/i3.wp.com\/chacosintesis.com.ar\/wp-content\/uploads\/2026\/04\/1777057671_186_La-dura-sancion-de-la-UEFA-al-argentino-Gianluca-Prestianni.webp.webp?ssl=1&w=150&resize=150&ssl=1 150w, https:\/\/i3.wp.com\/chacosintesis.com.ar\/wp-content\/uploads\/2026\/04\/1777057671_186_La-dura-sancion-de-la-UEFA-al-argentino-Gianluca-Prestianni.webp.webp?ssl=1&w=240&resize=240&ssl=1 240w, https:\/\/i3.wp.com\/chacosintesis.com.ar\/wp-content\/uploads\/2026\/04\/1777057671_186_La-dura-sancion-de-la-UEFA-al-argentino-Gianluca-Prestianni.webp.webp?ssl=1&w=320&resize=320&ssl=1 320w, https:\/\/i3.wp.com\/chacosintesis.com.ar\/wp-content\/uploads\/2026\/04\/1777057671_186_La-dura-sancion-de-la-UEFA-al-argentino-Gianluca-Prestianni.webp.webp?ssl=1&w=500&resize=500&ssl=1 500w, https:\/\/i3.wp.com\/chacosintesis.com.ar\/wp-content\/uploads\/2026\/04\/1777057671_186_La-dura-sancion-de-la-UEFA-al-argentino-Gianluca-Prestianni.webp.webp?ssl=1&w=640&resize=640&ssl=1 640w, https:\/\/i3.wp.com\/chacosintesis.com.ar\/wp-content\/uploads\/2026\/04\/1777057671_186_La-dura-sancion-de-la-UEFA-al-argentino-Gianluca-Prestianni.webp.webp?ssl=1&w=800&resize=800&ssl=1 800w, https:\/\/i3.wp.com\/chacosintesis.com.ar\/wp-content\/uploads\/2026\/04\/1777057671_186_La-dura-sancion-de-la-UEFA-al-argentino-Gianluca-Prestianni.webp.webp?ssl=1&w=1024&resize=1024&ssl=1 1024w, https:\/\/i3.wp.com\/chacosintesis.com.ar\/wp-content\/uploads\/2026\/04\/1777057671_186_La-dura-sancion-de-la-UEFA-al-argentino-Gianluca-Prestianni.webp.webp?ssl=1&w=1280&resize=1280&ssl=1 1280w, https:\/\/i3.wp.com\/chacosintesis.com.ar\/wp-content\/uploads\/2026\/04\/1777057671_186_La-dura-sancion-de-la-UEFA-al-argentino-Gianluca-Prestianni.webp.webp?ssl=1&w=1600&resize=1600&ssl=1 1600w\" fifu-data-src=\"https:\/\/i3.wp.com\/chacosintesis.com.ar\/wp-content\/uploads\/2026\/04\/1777057671_186_La-dura-sancion-de-la-UEFA-al-argentino-Gianluca-Prestianni.webp.webp?ssl=1\" alt=\"\" title=\"\" width=\"730\" height=\"undefined\" id=\"8216064-Libre-598110013_embed\"\/><\/div>\n<\/p><\/div>\n<p id=\"p-1777048605154-89364\" data-start=\"4740\" data-end=\"4964\">En paralelo, el propio jugador ya se expres\u00f3 p\u00fablicamente y <strong>rechaz\u00f3 las acusaciones<\/strong>, asegurando que fue sancionado sin pruebas concluyentes.<\/p>\n<p id=\"p-1777050061666-87114\" data-start=\"4740\" data-end=\"4964\">&#8220;<strong>Me doli\u00f3 que me traten de algo que jam\u00e1s hice<\/strong>, eso fue lo que m\u00e1s me doli\u00f3, pero por suerte estoy muy tranquilo de que todos los que me conocen saben la clase de persona que soy yo y eso a m\u00ed me basta.<strong> Estoy muy tranquilo y agradecido al club, que tambi\u00e9n me crey\u00f3 y apoy\u00f3 en todo sentido<\/strong>, como tambi\u00e9n mis compa\u00f1eros, que me lo demostraron puertas adentro, algo que vale mucho m\u00e1s que una historia en Instagram&#8221;, declar\u00f3 en una entrevista a &#8220;Telef\u00e9&#8221;.<\/p>\n<\/p><\/div>\n<p><script>\n!function(f,b,e,v,n,t,s)\n{if(f.fbq)return;n=f.fbq=function(){n.callMethod?\nn.callMethod.apply(n,arguments):n.queue.push(arguments)};\nif(!f._fbq)f._fbq=n;n.push=n;n.loaded=!0;n.version='2.0';\nn.queue=[];t=b.createElement(e);t.async=!0;\nt.src=v;s=b.getElementsByTagName(e)[0];\ns.parentNode.insertBefore(t,s)}(window,document,'script',\n'https:\/\/connect.facebook.net\/en_US\/fbevents.js');\nfbq('init', '2047048335588113');\nfbq('track', 'PageView');\n<\/script><\/p>\n<p>Ambito.-<\/p>\n","protected":false},"excerpt":{"rendered":"<p>Gianluca Prestianni fue sancionado por la UEFA por conducta discriminatoria tras un cruce con Vin\u00edcius J\u00fanior durante el partido del 17 de febrero entre el Benfica y el Real Madrid en la Champions League. La suspensi\u00f3n incluye seis fechas: tres son de cumplimiento efectivo, mientras que las otras quedaran en periodo de prueba por dos [&hellip;]<\/p>\n","protected":false},"author":1,"featured_media":219911,"comment_status":"closed","ping_status":"","sticky":false,"template":"","format":"standard","meta":{"footnotes":""},"categories":[7],"tags":[],"class_list":{"0":"post-219900","1":"post","2":"type-post","3":"status-publish","4":"format-standard","5":"has-post-thumbnail","7":"category-deportes"},"_links":{"self":[{"href":"https:\/\/chacosintesis.com.ar\/index.php\/wp-json\/wp\/v2\/posts\/219900","targetHints":{"allow":["GET"]}}],"collection":[{"href":"https:\/\/chacosintesis.com.ar\/index.php\/wp-json\/wp\/v2\/posts"}],"about":[{"href":"https:\/\/chacosintesis.com.ar\/index.php\/wp-json\/wp\/v2\/types\/post"}],"author":[{"embeddable":true,"href":"https:\/\/chacosintesis.com.ar\/index.php\/wp-json\/wp\/v2\/users\/1"}],"replies":[{"embeddable":true,"href":"https:\/\/chacosintesis.com.ar\/index.php\/wp-json\/wp\/v2\/comments?post=219900"}],"version-history":[{"count":0,"href":"https:\/\/chacosintesis.com.ar\/index.php\/wp-json\/wp\/v2\/posts\/219900\/revisions"}],"wp:featuredmedia":[{"embeddable":true,"href":"https:\/\/chacosintesis.com.ar\/index.php\/wp-json\/wp\/v2\/media\/219911"}],"wp:attachment":[{"href":"https:\/\/chacosintesis.com.ar\/index.php\/wp-json\/wp\/v2\/media?parent=219900"}],"wp:term":[{"taxonomy":"category","embeddable":true,"href":"https:\/\/chacosintesis.com.ar\/index.php\/wp-json\/wp\/v2\/categories?post=219900"},{"taxonomy":"post_tag","embeddable":true,"href":"https:\/\/chacosintesis.com.ar\/index.php\/wp-json\/wp\/v2\/tags?post=219900"}],"curies":[{"name":"wp","href":"https:\/\/api.w.org\/{rel}","templated":true}]}}