{"id":219847,"date":"2026-04-24T12:05:51","date_gmt":"2026-04-24T15:05:51","guid":{"rendered":"https:\/\/chacosintesis.com.ar\/index.php\/franco-colapinto-palpita-su-gran-show-en-buenos-aires-es-algo-que-sone-toda-la-vida\/"},"modified":"2026-04-24T12:05:51","modified_gmt":"2026-04-24T15:05:51","slug":"franco-colapinto-palpita-su-gran-show-en-buenos-aires-es-algo-que-sone-toda-la-vida","status":"publish","type":"post","link":"https:\/\/chacosintesis.com.ar\/index.php\/franco-colapinto-palpita-su-gran-show-en-buenos-aires-es-algo-que-sone-toda-la-vida\/","title":{"rendered":"Franco Colapinto palpita su gran show en Buenos Aires: \u201cEs algo que so\u00f1\u00e9 toda la vida\u201d"},"content":{"rendered":"<p><\/p>\n<div>\t\t<!-- { REGION4 --> <\/p>\n<header class=\"news-headline\">\n<h2 class=\"news-headline__article-summary\">\t\t<\/h2>\n<p id=\"p-1777039402683-11685\" class=\"ignore-parser\">El piloto argentino de Alpine F1 Team anticip\u00f3 una jornada hist\u00f3rica en el pa\u00eds, con emoci\u00f3n, agradecimiento y el objetivo de dejar una huella m\u00e1s all\u00e1 del automovilismo.<\/p>\n<\/header>\n<div class=\"detail-highlighted-multimedia content-protected-false\">\n<figure class=\"detail-highlighted-multimedia__figure\">  <img loading=\"lazy\" loading=\"lazy\" decoding=\"async\" src=\"data:image\/gif;base64,R0lGODlhAQABAIAAAAAAAP\/\/\/ywAAAAAAQABAAACAUwAOw==\" fifu-lazy=\"1\" fifu-data-sizes=\"auto\" fifu-data-srcset=\"https:\/\/i1.wp.com\/chacosintesis.com.ar\/wp-content\/uploads\/2026\/04\/Franco-Colapinto-palpita-su-gran-show-en-Buenos-Aires-Es.jpg?ssl=1&w=75&resize=75&ssl=1 75w, https:\/\/i1.wp.com\/chacosintesis.com.ar\/wp-content\/uploads\/2026\/04\/Franco-Colapinto-palpita-su-gran-show-en-Buenos-Aires-Es.jpg?ssl=1&w=100&resize=100&ssl=1 100w, https:\/\/i1.wp.com\/chacosintesis.com.ar\/wp-content\/uploads\/2026\/04\/Franco-Colapinto-palpita-su-gran-show-en-Buenos-Aires-Es.jpg?ssl=1&w=150&resize=150&ssl=1 150w, https:\/\/i1.wp.com\/chacosintesis.com.ar\/wp-content\/uploads\/2026\/04\/Franco-Colapinto-palpita-su-gran-show-en-Buenos-Aires-Es.jpg?ssl=1&w=240&resize=240&ssl=1 240w, https:\/\/i1.wp.com\/chacosintesis.com.ar\/wp-content\/uploads\/2026\/04\/Franco-Colapinto-palpita-su-gran-show-en-Buenos-Aires-Es.jpg?ssl=1&w=320&resize=320&ssl=1 320w, https:\/\/i1.wp.com\/chacosintesis.com.ar\/wp-content\/uploads\/2026\/04\/Franco-Colapinto-palpita-su-gran-show-en-Buenos-Aires-Es.jpg?ssl=1&w=500&resize=500&ssl=1 500w, https:\/\/i1.wp.com\/chacosintesis.com.ar\/wp-content\/uploads\/2026\/04\/Franco-Colapinto-palpita-su-gran-show-en-Buenos-Aires-Es.jpg?ssl=1&w=640&resize=640&ssl=1 640w, https:\/\/i1.wp.com\/chacosintesis.com.ar\/wp-content\/uploads\/2026\/04\/Franco-Colapinto-palpita-su-gran-show-en-Buenos-Aires-Es.jpg?ssl=1&w=800&resize=800&ssl=1 800w, https:\/\/i1.wp.com\/chacosintesis.com.ar\/wp-content\/uploads\/2026\/04\/Franco-Colapinto-palpita-su-gran-show-en-Buenos-Aires-Es.jpg?ssl=1&w=1024&resize=1024&ssl=1 1024w, https:\/\/i1.wp.com\/chacosintesis.com.ar\/wp-content\/uploads\/2026\/04\/Franco-Colapinto-palpita-su-gran-show-en-Buenos-Aires-Es.jpg?ssl=1&w=1280&resize=1280&ssl=1 1280w, https:\/\/i1.wp.com\/chacosintesis.com.ar\/wp-content\/uploads\/2026\/04\/Franco-Colapinto-palpita-su-gran-show-en-Buenos-Aires-Es.jpg?ssl=1&w=1600&resize=1600&ssl=1 1600w\" fifu-data-src=\"https:\/\/i1.wp.com\/chacosintesis.com.ar\/wp-content\/uploads\/2026\/04\/Franco-Colapinto-palpita-su-gran-show-en-Buenos-Aires-Es.jpg?ssl=1\" class=\"detail-highlighted-multimedia__figure-img img-fluid\" alt=\"Franco Colapinto, presente en Buenos Aires.\" width=\"655\" height=\"368\"\/><figcaption class=\"detail-highlighted-multimedia__figcaption\">  <span class=\"detail-highlighted-multimedia__copyright\">Foto: LN<\/span><\/figcaption><\/figure>\n<\/div>\n<article class=\"article-body article-body--first-paragraph content-protected-false\" data-td-script-src=\"https:\/\/www.ambito.com\/td\/modulos\/encuestas\/js\/function-embeds-min-version-1776917277.js\">\n<p id=\"p-1777039526009-55148\" data-start=\"322\" data-end=\"613\">La cuenta regresiva para el <strong>road show en Buenos Aires<\/strong> ya se vive con intensidad y <a href=\"https:\/\/www.ambito.com\/como-sera-la-exhibicion-franco-colapinto-caba-recorrido-del-circuito-cronograma-cortes-y-shows-n6269669\" target=\"_blank\" rel=\"follow\"> Franco Colapinto <\/a>no oculta su entusiasmo. El piloto argentino, que ser\u00e1 la gran figura del evento, expres\u00f3 su felicidad por volver al pa\u00eds y protagonizar una exhibici\u00f3n \u00fanica con un monoplaza de <strong>F\u00f3rmula 1.<\/strong><\/p>\n<\/article>\n<section class=\"suscription-false printed-edition\" style=\"display:none\">\n<p>El contenido al que quiere acceder es exclusivo para suscriptores.<\/p>\n<p>  <span> <button type=\"button\" name=\"button\" class=\"subscribe-btn mercadopago-btn\">suscribirse<\/button><\/span>  <span class=\"btns\"><button type=\"button\" name=\"button\" class=\"subscribe-btn reload-login\"> ya estoy suscripto<\/button><\/span>  <\/p>\n<\/section>\n<article class=\"article-body article-body--second-paragraph content-protected-false\">\n<p id=\"p-1777039526010-74213\" data-start=\"615\" data-end=\"886\"><strong>\u201cFeliz de volver al pa\u00eds, reencontrarme con mi gente. En especial, traer un auto de F1. Es un sue\u00f1o que ten\u00eda de muy chiquito. Es muy complicado. Que se haya dado es algo muy lindo\u201d<\/strong>, asegur\u00f3 el joven de Pilar, quien llegar\u00e1 acompa\u00f1ado por el conductor <strong data-start=\"867\" data-end=\"885\">Iv\u00e1n De Pineda<\/strong>.<\/p>\n<\/article>\n<section class=\"related-news\">\n<div class=\"row row--eq-height\">\n<div class=\"col-12 col-md-6\">\n<article class=\"news-article news-article--landscape-news news-article--landscape-news\">\n<figure class=\"news-article__figure figure\">\t\t<a href=\"https:\/\/www.ambito.com\/como-sera-la-exhibicion-franco-colapinto-caba-recorrido-del-circuito-cronograma-cortes-y-shows-n6269669\" target=\"\" title=\"\u00e1mbito.com | C\u00f3mo ser\u00e1 la exhibici\u00f3n de Colapinto en CABA: recorrido del circuito, cronograma de cortes y shows\" alt=\"\u00e1mbito.com | C\u00f3mo ser\u00e1 la exhibici\u00f3n de Colapinto en CABA: recorrido del circuito, cronograma de cortes y shows\" rel=\"noindex nofollow noreferrer\"><br \/>\n\t\t\t\t\t\t\t\t\t\t\t<img loading=\"lazy\" loading=\"lazy\" decoding=\"async\" src=\"data:image\/gif;base64,R0lGODlhAQABAIAAAAAAAP\/\/\/ywAAAAAAQABAAACAUwAOw==\" fifu-lazy=\"1\" fifu-data-sizes=\"auto\" fifu-data-srcset=\"https:\/\/i2.wp.com\/chacosintesis.com.ar\/wp-content\/uploads\/2026\/04\/1777043150_969_Franco-Colapinto-palpita-su-gran-show-en-Buenos-Aires-Es.jpg?ssl=1&w=75&resize=75&ssl=1 75w, https:\/\/i2.wp.com\/chacosintesis.com.ar\/wp-content\/uploads\/2026\/04\/1777043150_969_Franco-Colapinto-palpita-su-gran-show-en-Buenos-Aires-Es.jpg?ssl=1&w=100&resize=100&ssl=1 100w, https:\/\/i2.wp.com\/chacosintesis.com.ar\/wp-content\/uploads\/2026\/04\/1777043150_969_Franco-Colapinto-palpita-su-gran-show-en-Buenos-Aires-Es.jpg?ssl=1&w=150&resize=150&ssl=1 150w, https:\/\/i2.wp.com\/chacosintesis.com.ar\/wp-content\/uploads\/2026\/04\/1777043150_969_Franco-Colapinto-palpita-su-gran-show-en-Buenos-Aires-Es.jpg?ssl=1&w=240&resize=240&ssl=1 240w, https:\/\/i2.wp.com\/chacosintesis.com.ar\/wp-content\/uploads\/2026\/04\/1777043150_969_Franco-Colapinto-palpita-su-gran-show-en-Buenos-Aires-Es.jpg?ssl=1&w=320&resize=320&ssl=1 320w, https:\/\/i2.wp.com\/chacosintesis.com.ar\/wp-content\/uploads\/2026\/04\/1777043150_969_Franco-Colapinto-palpita-su-gran-show-en-Buenos-Aires-Es.jpg?ssl=1&w=500&resize=500&ssl=1 500w, https:\/\/i2.wp.com\/chacosintesis.com.ar\/wp-content\/uploads\/2026\/04\/1777043150_969_Franco-Colapinto-palpita-su-gran-show-en-Buenos-Aires-Es.jpg?ssl=1&w=640&resize=640&ssl=1 640w, https:\/\/i2.wp.com\/chacosintesis.com.ar\/wp-content\/uploads\/2026\/04\/1777043150_969_Franco-Colapinto-palpita-su-gran-show-en-Buenos-Aires-Es.jpg?ssl=1&w=800&resize=800&ssl=1 800w, https:\/\/i2.wp.com\/chacosintesis.com.ar\/wp-content\/uploads\/2026\/04\/1777043150_969_Franco-Colapinto-palpita-su-gran-show-en-Buenos-Aires-Es.jpg?ssl=1&w=1024&resize=1024&ssl=1 1024w, https:\/\/i2.wp.com\/chacosintesis.com.ar\/wp-content\/uploads\/2026\/04\/1777043150_969_Franco-Colapinto-palpita-su-gran-show-en-Buenos-Aires-Es.jpg?ssl=1&w=1280&resize=1280&ssl=1 1280w, https:\/\/i2.wp.com\/chacosintesis.com.ar\/wp-content\/uploads\/2026\/04\/1777043150_969_Franco-Colapinto-palpita-su-gran-show-en-Buenos-Aires-Es.jpg?ssl=1&w=1600&resize=1600&ssl=1 1600w\" fifu-data-src=\"https:\/\/i2.wp.com\/chacosintesis.com.ar\/wp-content\/uploads\/2026\/04\/1777043150_969_Franco-Colapinto-palpita-su-gran-show-en-Buenos-Aires-Es.jpg?ssl=1\" alt=\"El piloto de Alpine manejar\u00e1 un monoplaza por las calles de la Ciudad de Buenos Aires\" title=\"El piloto de Alpine manejar\u00e1 un monoplaza por las calles de la Ciudad de Buenos Aires\" width=\"93\" height=\"52\" class=\"news-article__figure-img figure-img img-fluid\"\/>\t\t<\/a><\/figure>\n<\/article><\/div>\n<\/div>\n<\/section>\n<article class=\"article-body article-body--third-paragraph content-protected-false\">\n<p id=\"p-1777039526010-5780\" data-start=\"888\" data-end=\"1409\">El evento, que se mont\u00f3 en tiempo r\u00e9cord, sorprendi\u00f3 incluso al propio protagonista. \u201cFue impresionante la velocidad con la que armaron todo. Si bien es algo que llev\u00f3 su tiempo y llev\u00f3 su laburo, estoy muy impresionado con la profesionalidad de la gente. Fueron muy detallistas. Est\u00e1 todo muy lindo. <strong>Me emociona que al final haya tantos argentinos alrededor m\u00edo. Va a ser la primera vez que son todos de mi pa\u00eds<\/strong>, todos fan\u00e1ticos del automovilismo. Muy feliz, muy agradecido con la gente que hizo este Road Show posible\u201d.<\/p>\n<\/article>\n<article class=\"article-body article-body--fourth-paragraph content-protected-false\">\n<h2 id=\"p-1777039526010-16722\">Colapinto en Buenos Aires: &#8220;Un sue\u00f1o cumplido que impulsa nuevos desaf\u00edos&#8221;<\/h2>\n<p id=\"p-1777039526010-27464\" data-start=\"1462\" data-end=\"1789\">M\u00e1s all\u00e1 del espect\u00e1culo, <strong data-start=\"1488\" data-end=\"1501\">Colapinto<\/strong> destac\u00f3 el significado personal de este momento. \u201cEs algo dif\u00edcil de explicar lo que sent\u00eds cuando se van dando las cosas que anhelaban desde muy chico. Cumpl\u00ed mi sue\u00f1o y eso es algo muy especial. Lo bueno es que cuando cumpl\u00eds uno, aparecen muchos m\u00e1s. Y soy una persona inconformista\u201d.<\/p>\n<\/article>\n<article class=\"article-body article-body--fifth-paragraph content-protected-false\">\n<p id=\"p-1777039526010-80241\" data-start=\"1791\" data-end=\"2349\">El recorrido hasta llegar a este presente no fue sencillo. \u201cPara llegar a cualquier objetivo hay que hacer muchos sacrificios. Tiene sus altibajos. Momentos en que no encontr\u00e1s la plata para correr el a\u00f1o siguiente.<strong> Si realmente ten\u00e9s la convicci\u00f3n y te lo cre\u00e9s, tu percepci\u00f3n sigue firme. Siempre suceden cosas lindas. Intentamos todos con mi equipo, con la gente que me empuj\u00f3<\/strong>. Sab\u00edamos que si no lleg\u00e1bamos \u00edbamos a estar felices y orgullosos. Gracias a Dios lleg\u00f3. Son muchas cosas que hacen que uno llegue a su objetivo. El trabajo en equipo es clave\u201d.<\/p>\n<\/article>\n<article class=\"article-body article-body--remaining-paragraph content-protected-false\">\n<p id=\"p-1777039526010-61521\" data-start=\"2351\" data-end=\"2838\">El impacto de su carrera tambi\u00e9n trasciende lo deportivo. \u201cPara m\u00ed fue una cosa muy loca. Primero, cumplir mi sue\u00f1o. Era algo pr\u00e1cticamente imposible. Me lo cre\u00ed tanto que con 14 a\u00f1os me fui solo muy lejos a probar suerte y ver qu\u00e9 pasaba. Ver que cumpl\u00ed mi sue\u00f1o, pero que gener\u00e9 algo muy fuerte en los chicos. Se volvieron fan\u00e1ticos y expertos. <strong>Que gran parte del boom haya sido gracias a que yo llegu\u00e9, lo vuelve mucho m\u00e1s especial. Estar\u00eda buen\u00edsimo que la F\u00f3rmula 1 vuelva al pa\u00eds\u201d.<\/strong><\/p>\n<div contenteditable=\"false\" class=\"embed_cont type_imagen\" id=\"8215158-Libre-2012470561_wrap\">\n<p> Franco Colapinto Alex Bierens de Haan\/Getty Images <span onclick=\"parent.parent.TinyMCETdcuerpo.preview_embed('8215158-Libre-2012470561')\" class=\"embed_colapse less\" id=\"8215158-Libre-2012470561_colapse\"> <\/span> <span onclick=\"parent.parent.TinyMCETdcuerpo.delete_embed('8215158-Libre-2012470561')\" class=\"embed_delete less\" id=\"8215158-Libre-2012470561_delete\"\/><\/p>\n<div id=\"8215158-Libre-2012470561_content\" class=\"embed_content\"><img fetchpriority=\"high\" decoding=\"async\" src=\"data:image\/gif;base64,R0lGODlhAQABAIAAAAAAAP\/\/\/ywAAAAAAQABAAACAUwAOw==\" fifu-lazy=\"1\" fifu-data-sizes=\"auto\" fifu-data-srcset=\"https:\/\/i3.wp.com\/chacosintesis.com.ar\/wp-content\/uploads\/2026\/04\/1777043150_225_Franco-Colapinto-palpita-su-gran-show-en-Buenos-Aires-Es.jpg?ssl=1&w=75&resize=75&ssl=1 75w, https:\/\/i3.wp.com\/chacosintesis.com.ar\/wp-content\/uploads\/2026\/04\/1777043150_225_Franco-Colapinto-palpita-su-gran-show-en-Buenos-Aires-Es.jpg?ssl=1&w=100&resize=100&ssl=1 100w, https:\/\/i3.wp.com\/chacosintesis.com.ar\/wp-content\/uploads\/2026\/04\/1777043150_225_Franco-Colapinto-palpita-su-gran-show-en-Buenos-Aires-Es.jpg?ssl=1&w=150&resize=150&ssl=1 150w, https:\/\/i3.wp.com\/chacosintesis.com.ar\/wp-content\/uploads\/2026\/04\/1777043150_225_Franco-Colapinto-palpita-su-gran-show-en-Buenos-Aires-Es.jpg?ssl=1&w=240&resize=240&ssl=1 240w, https:\/\/i3.wp.com\/chacosintesis.com.ar\/wp-content\/uploads\/2026\/04\/1777043150_225_Franco-Colapinto-palpita-su-gran-show-en-Buenos-Aires-Es.jpg?ssl=1&w=320&resize=320&ssl=1 320w, https:\/\/i3.wp.com\/chacosintesis.com.ar\/wp-content\/uploads\/2026\/04\/1777043150_225_Franco-Colapinto-palpita-su-gran-show-en-Buenos-Aires-Es.jpg?ssl=1&w=500&resize=500&ssl=1 500w, https:\/\/i3.wp.com\/chacosintesis.com.ar\/wp-content\/uploads\/2026\/04\/1777043150_225_Franco-Colapinto-palpita-su-gran-show-en-Buenos-Aires-Es.jpg?ssl=1&w=640&resize=640&ssl=1 640w, https:\/\/i3.wp.com\/chacosintesis.com.ar\/wp-content\/uploads\/2026\/04\/1777043150_225_Franco-Colapinto-palpita-su-gran-show-en-Buenos-Aires-Es.jpg?ssl=1&w=800&resize=800&ssl=1 800w, https:\/\/i3.wp.com\/chacosintesis.com.ar\/wp-content\/uploads\/2026\/04\/1777043150_225_Franco-Colapinto-palpita-su-gran-show-en-Buenos-Aires-Es.jpg?ssl=1&w=1024&resize=1024&ssl=1 1024w, https:\/\/i3.wp.com\/chacosintesis.com.ar\/wp-content\/uploads\/2026\/04\/1777043150_225_Franco-Colapinto-palpita-su-gran-show-en-Buenos-Aires-Es.jpg?ssl=1&w=1280&resize=1280&ssl=1 1280w, https:\/\/i3.wp.com\/chacosintesis.com.ar\/wp-content\/uploads\/2026\/04\/1777043150_225_Franco-Colapinto-palpita-su-gran-show-en-Buenos-Aires-Es.jpg?ssl=1&w=1600&resize=1600&ssl=1 1600w\" fifu-data-src=\"https:\/\/i3.wp.com\/chacosintesis.com.ar\/wp-content\/uploads\/2026\/04\/1777043150_225_Franco-Colapinto-palpita-su-gran-show-en-Buenos-Aires-Es.jpg?ssl=1\" alt=\"Colapinto y el mate, una imagen que se acentuar\u00e1 durante su paso por la Argentina.\" title=\"Colapinto y el mate, una imagen que se acentuar\u00e1 durante su paso por la Argentina.\" width=\"690\" height=\"460\" id=\"8215158-Libre-2012470561_embed\" crossorigin=\"anonymous\" fetchpriority=\"high\" decode=\"async\"\/><\/div>\n<div class=\"embed_wrapper-cont\" id=\"p-1777039924413-96818\">\n<div id=\"8215158-Libre-2012470561_epigrafe\" class=\"embed_epigrafe\">\n<p id=\"p-1777039959019-82364\">Colapinto y el mate, una imagen que se acentuar\u00e1 durante su paso por la Argentina.<\/p>\n<\/div>\n<p>Alex Bierens de Haan\/Getty Images<\/p>\n<\/div><\/div>\n<p id=\"p-1777039526010-13958\" data-start=\"2845\" data-end=\"3166\">El domingo promete ser una jornada multitudinaria. \u201cEl domingo, no s\u00e9 d\u00f3nde van a entrar 500 mil personas. \u00a1Es una locura! Tener la chance de que gente a la que le gusta y no le gusta el <strong>automovilismo <\/strong>e igualmente quiera estar cerca para conocerme es algo que va m\u00e1s all\u00e1 del deporte y es algo que es dif\u00edcil de generar\u201d.<\/p>\n<p id=\"p-1777039526010-85482\" data-start=\"3168\" data-end=\"3562\">Con ese marco, el piloto tambi\u00e9n se permite disfrutar del show. <strong>\u201cNo soy muy de llorar de felicidad. Capaz una sonrisa pongo. Estoy llorando m\u00e1s, capaz me pongo sensible. Veremos. Va a ser un d\u00eda muy lindo. Es algo que estuve so\u00f1ando desde que entr\u00e9 en la F1. Va a ser un d\u00eda muy emocionante para todos. Ojal\u00e1 que algunas l\u00e1grimas se me caigan. \u00a1Me voy a llevar algunos papelitos para secarme!\u201d.<\/strong><\/p>\n<p id=\"p-1777039526010-70776\" data-start=\"3564\" data-end=\"3871\">Uno de los momentos m\u00e1s especiales ser\u00e1 cuando se suba a un \u00edcono del automovilismo: \u201cVoy a manejar la Flecha Plateada de <strong data-start=\"3686\" data-end=\"3727\">Juan Manuel Fangio<\/strong>. Eso me emociona igual que el <strong>Alpine <\/strong>o mucho m\u00e1s. De eso tengo much\u00edsimas ganas. Tener la posibilidad de manejar ese auto va a ser algo \u00fanico\u201d.<\/p>\n<p id=\"p-1777039526010-95237\" data-start=\"3873\" data-end=\"4284\">Con humor, tambi\u00e9n anticip\u00f3 parte del espect\u00e1culo: <strong>\u201cEs algo que nunca hice. Nunca hice un trompo en la calle. Realmente so\u00f1aba con hacerlo y es algo que me genera much\u00edsima ilusi\u00f3n. Lo hago por m\u00ed, pero mucho m\u00e1s por los argentinos. S\u00e9 que lo van a disfrutar mucho. Dan tanto para apoyarme, es darles algo chiquito como traerles el auto ac\u00e1. Lo quer\u00eda hacer. Es un honor y un placer enorme. Ojal\u00e1 lo disfruten\u201d.<\/strong><\/p>\n<p id=\"p-1777039526010-80856\" data-start=\"4286\" data-end=\"4497\" data-is-last-node=\"\" data-is-only-node=\"\">El mensaje final resume su ambici\u00f3n: <strong>\u201cMi gran objetivo es dejar una huella, que la gente quiera escucharme, m\u00e1s all\u00e1 de si le gusta o no el deporte. Ojal\u00e1 que haya mucha gente el domingo. Los esperamos a todos\u201d.<\/strong><\/p>\n<\/article>\n<p>\t\t\t\t<!-- REGION4 } -->\n\t\t\t\t\t\t<\/div>\n<p><script>\n!function(f,b,e,v,n,t,s)\n{if(f.fbq)return;n=f.fbq=function(){n.callMethod?\nn.callMethod.apply(n,arguments):n.queue.push(arguments)};\nif(!f._fbq)f._fbq=n;n.push=n;n.loaded=!0;n.version='2.0';\nn.queue=[];t=b.createElement(e);t.async=!0;\nt.src=v;s=b.getElementsByTagName(e)[0];\ns.parentNode.insertBefore(t,s)}(window,document,'script',\n'https:\/\/connect.facebook.net\/en_US\/fbevents.js');\nfbq('init', '2047048335588113');\nfbq('track', 'PageView');\n<\/script><\/p>\n<p>Ambito.-<\/p>\n","protected":false},"excerpt":{"rendered":"<p>El piloto argentino de Alpine F1 Team anticip\u00f3 una jornada hist\u00f3rica en el pa\u00eds, con emoci\u00f3n, agradecimiento y el objetivo de dejar una huella m\u00e1s all\u00e1 del automovilismo. Foto: LN La cuenta regresiva para el road show en Buenos Aires ya se vive con intensidad y Franco Colapinto no oculta su entusiasmo. El piloto argentino, [&hellip;]<\/p>\n","protected":false},"author":1,"featured_media":219858,"comment_status":"closed","ping_status":"","sticky":false,"template":"","format":"standard","meta":{"footnotes":""},"categories":[7],"tags":[],"class_list":{"0":"post-219847","1":"post","2":"type-post","3":"status-publish","4":"format-standard","5":"has-post-thumbnail","7":"category-deportes"},"_links":{"self":[{"href":"https:\/\/chacosintesis.com.ar\/index.php\/wp-json\/wp\/v2\/posts\/219847","targetHints":{"allow":["GET"]}}],"collection":[{"href":"https:\/\/chacosintesis.com.ar\/index.php\/wp-json\/wp\/v2\/posts"}],"about":[{"href":"https:\/\/chacosintesis.com.ar\/index.php\/wp-json\/wp\/v2\/types\/post"}],"author":[{"embeddable":true,"href":"https:\/\/chacosintesis.com.ar\/index.php\/wp-json\/wp\/v2\/users\/1"}],"replies":[{"embeddable":true,"href":"https:\/\/chacosintesis.com.ar\/index.php\/wp-json\/wp\/v2\/comments?post=219847"}],"version-history":[{"count":0,"href":"https:\/\/chacosintesis.com.ar\/index.php\/wp-json\/wp\/v2\/posts\/219847\/revisions"}],"wp:featuredmedia":[{"embeddable":true,"href":"https:\/\/chacosintesis.com.ar\/index.php\/wp-json\/wp\/v2\/media\/219858"}],"wp:attachment":[{"href":"https:\/\/chacosintesis.com.ar\/index.php\/wp-json\/wp\/v2\/media?parent=219847"}],"wp:term":[{"taxonomy":"category","embeddable":true,"href":"https:\/\/chacosintesis.com.ar\/index.php\/wp-json\/wp\/v2\/categories?post=219847"},{"taxonomy":"post_tag","embeddable":true,"href":"https:\/\/chacosintesis.com.ar\/index.php\/wp-json\/wp\/v2\/tags?post=219847"}],"curies":[{"name":"wp","href":"https:\/\/api.w.org\/{rel}","templated":true}]}}