{"id":21972,"date":"2023-05-22T15:00:57","date_gmt":"2023-05-22T18:00:57","guid":{"rendered":"https:\/\/chacosintesis.com.ar\/?p=21972"},"modified":"2023-05-22T15:06:52","modified_gmt":"2023-05-22T18:06:52","slug":"violencia-de-genero-detuvieron-a-un-hombre-por-el-femicidio-de-su-esposa-en-resistencia","status":"publish","type":"post","link":"https:\/\/chacosintesis.com.ar\/index.php\/violencia-de-genero-detuvieron-a-un-hombre-por-el-femicidio-de-su-esposa-en-resistencia\/","title":{"rendered":"Violencia de genero: Detuvieron a un hombre por el femicidio de su esposa en Resistencia"},"content":{"rendered":"<p>Durante la noche del domingo, un hombre de 50 a\u00f1os asesin\u00f3 a su esposa con un arma de fuego. La v\u00edctima, de 49 a\u00f1os, presentaba una herida en la cabeza. La Fiscala a cargo determin\u00f3 la presunta autor\u00eda del hombre y decidi\u00f3 cambiar la caratula a \u201cSupuesto Femicidio\u201d, ya que el esposo denunci\u00f3 el caso como &#8220;suicidio&#8221;. La fiscal\u00eda orden\u00f3 la detenci\u00f3n del ciudadano.<br \/>\nEl hecho ocurri\u00f3 en una casa ubicada en avenida \u00c1lvarez Lotero y Taco Pozo de la ciudad de Resistencia. En el lugar incautaron prendas de vestir, tres tel\u00e9fonos celulares; cinco cartuchos calibre 12mm sin percutar; dos cartuchos calibre 12mm., percutados; un cuchillo tipo carnicero; y un arma de fuego tipo escopeta, marca Saurio, calibre 12mm.<\/p>\n<p>Si sufr\u00eds violencia de g\u00e9nero pod\u00e9s comunicarte en forma an\u00f3nima y gratuita a la L\u00ednea 137 de la provincia del Chaco, a la L\u00ednea nacional 144, a los n\u00fameros 3624-642032 o 3624-970588 v\u00eda WhatsApp y\/o llamados. En caso de urgencias, se podr\u00e1 recurrir al 911.<br \/>\n<<a href=\"http:\/\/www.avg.com\/email-signature?utm_medium=email&#038;utm_source=link&#038;utm_campaign=sig-email&#038;utm_content=webmail\">www.avg.com\/email-signature?utm_medium=email&amp;utm_source=link&amp;utm_campaign=sig-email&amp;utm_content=webmail<\/a>> Libre de virus.www.avg.com <<a href=\"http:\/\/www.avg.com\/email-signature?utm_medium=email&#038;utm_source=link&#038;utm_campaign=sig-email&#038;utm_content=webmail\">www.avg.com\/email-signature?utm_medium=email&amp;utm_source=link&amp;utm_campaign=sig-email&amp;utm_content=webmail<\/a>> <#DAB4FAD8-2DD7-40BB-A1B8-4E2AA1F9FDF2><\/p>\n","protected":false},"excerpt":{"rendered":"<p>Durante la noche del domingo, un hombre de 50 a\u00f1os asesin\u00f3 a su esposa con un arma de fuego. La v\u00edctima, de 49 a\u00f1os, presentaba una herida en la cabeza. La Fiscala a cargo determin\u00f3 la presunta autor\u00eda del hombre y decidi\u00f3 cambiar la caratula a \u201cSupuesto Femicidio\u201d, ya que el esposo denunci\u00f3 el caso [&hellip;]<\/p>\n","protected":false},"author":1,"featured_media":21973,"comment_status":"closed","ping_status":"closed","sticky":false,"template":"","format":"standard","meta":{"footnotes":""},"categories":[6],"tags":[],"class_list":{"0":"post-21972","1":"post","2":"type-post","3":"status-publish","4":"format-standard","5":"has-post-thumbnail","7":"category-chaco"},"_links":{"self":[{"href":"https:\/\/chacosintesis.com.ar\/index.php\/wp-json\/wp\/v2\/posts\/21972","targetHints":{"allow":["GET"]}}],"collection":[{"href":"https:\/\/chacosintesis.com.ar\/index.php\/wp-json\/wp\/v2\/posts"}],"about":[{"href":"https:\/\/chacosintesis.com.ar\/index.php\/wp-json\/wp\/v2\/types\/post"}],"author":[{"embeddable":true,"href":"https:\/\/chacosintesis.com.ar\/index.php\/wp-json\/wp\/v2\/users\/1"}],"replies":[{"embeddable":true,"href":"https:\/\/chacosintesis.com.ar\/index.php\/wp-json\/wp\/v2\/comments?post=21972"}],"version-history":[{"count":0,"href":"https:\/\/chacosintesis.com.ar\/index.php\/wp-json\/wp\/v2\/posts\/21972\/revisions"}],"wp:featuredmedia":[{"embeddable":true,"href":"https:\/\/chacosintesis.com.ar\/index.php\/wp-json\/wp\/v2\/media\/21973"}],"wp:attachment":[{"href":"https:\/\/chacosintesis.com.ar\/index.php\/wp-json\/wp\/v2\/media?parent=21972"}],"wp:term":[{"taxonomy":"category","embeddable":true,"href":"https:\/\/chacosintesis.com.ar\/index.php\/wp-json\/wp\/v2\/categories?post=21972"},{"taxonomy":"post_tag","embeddable":true,"href":"https:\/\/chacosintesis.com.ar\/index.php\/wp-json\/wp\/v2\/tags?post=21972"}],"curies":[{"name":"wp","href":"https:\/\/api.w.org\/{rel}","templated":true}]}}