{"id":21966,"date":"2023-05-22T14:52:51","date_gmt":"2023-05-22T17:52:51","guid":{"rendered":"https:\/\/chacosintesis.com.ar\/?p=21966"},"modified":"2023-05-22T15:06:51","modified_gmt":"2023-05-22T18:06:51","slug":"capitanich-participo-de-las-celebraciones-de-santa-rita","status":"publish","type":"post","link":"https:\/\/chacosintesis.com.ar\/index.php\/capitanich-participo-de-las-celebraciones-de-santa-rita\/","title":{"rendered":"Capitanich particip\u00f3 de las celebraciones de Santa Rita"},"content":{"rendered":"<p>La \u201cMisa por las Autoridades P\u00fablicas\u201d cont\u00f3 con la presencia del gobernador, quien dijo que es una celebraci\u00f3n para \u201camar al pr\u00f3jimo\u201d y pidi\u00f3 por la salud del pueblo chaque\u00f1o y por la \u201cenerg\u00eda necesaria y suficiente para servir a los dem\u00e1s con mucho amor y trabajo\u201d.<br \/>\nEl gobernador de la provincia del Chaco, Jorge Capitanich, particip\u00f3 de las actividades en conmemoraci\u00f3n a Santa Rita de Casia en la localidad de Puerto Tirol. Tras la \u201cMisa por los Peregrinos\u201d que se realiz\u00f3 a las 7 y la \u201cMisa por los Ancianos y Enfermos\u201d que se efectu\u00f3 a las 9, el gobernador presenci\u00f3 la \u201cMisa por las Autoridades P\u00fablicas\u201d, que inici\u00f3 a las 11, y dej\u00f3 unas palabras para su pueblo.<br \/>\nCapitanich dijo: \u201cHa dicho unas palabras (el sacerdote) que son muy importantes desde el punto de vista del bien com\u00fan eligiendo el Evangelio de San Lucas para profundizar esto que es absolutamente central en la vida de las personas que es amar al pr\u00f3jimo como a uno mismo\u201d. Asimismo, a\u00f1adi\u00f3 que esto significa \u201cuna gran transformaci\u00f3n del coraz\u00f3n de las personas\u201d.<br \/>\n\u201cNosotros estamos viviendo tres fiestas muy importantes dentro de este tiempo pascual\u201d, expres\u00f3 el gobernador en relaci\u00f3n a la Pascua de Resurrecci\u00f3n, La Fiesta de la Ascensi\u00f3n y Pentecost\u00e9s. \u201cEn estas 3 fiestas est\u00e1n claramente contempladas la s\u00edntesis, que dios es amor\u201d, manifest\u00f3.<br \/>\nPor \u00faltimo, Capitanich dej\u00f3 unas palabras para el pueblo del Chaco. \u201cSiempre pido por la salud de nuestro pueblo, por el amor hacia nuestro pueblo y sobre todo por la energ\u00eda necesaria y suficiente para servir a los dem\u00e1s con mucho amor y con mucha contracci\u00f3n al trabajo\u201d, dijo. \u201cTenemos que unirnos siempre con un mismo Dios, las diferencias pol\u00edticas no pueden dejar de sentirnos hermanos\u201d, concluy\u00f3.<br \/>\nEl cronograma de actividades en conmemoraci\u00f3n a Santa Rita continuar\u00e1 con la peregrinaci\u00f3n a las 15:30 con punto de partida en la Iglesia San Jos\u00e9. Desde all\u00ed, la caminata se extender\u00e1 por calle Independencia, tomar\u00e1n la avenida Capit\u00e1n Solari, calle Jos\u00e9 Cozzarolo, Salta, desv\u00edan por calle Martiniano G\u00f3mez, luego por calle Formosa, seguir\u00e1n por avenida Del Trabajo y recorrer\u00e1n la avenida 12 de Octubre hasta llegar nuevamente al punto inicial. Asimismo, a las 18:30 se realizar\u00e1 la \u201cMisa por los J\u00f3venes\u201d y a las 20:00 la \u201cMisa por Nuestro Pueblo\u201d.<br \/>\n<<a href=\"http:\/\/www.avg.com\/email-signature?utm_medium=email&#038;utm_source=link&#038;utm_campaign=sig-email&#038;utm_content=webmail\">www.avg.com\/email-signature?utm_medium=email&amp;utm_source=link&amp;utm_campaign=sig-email&amp;utm_content=webmail<\/a>> Libre de virus.www.avg.com <<a href=\"http:\/\/www.avg.com\/email-signature?utm_medium=email&#038;utm_source=link&#038;utm_campaign=sig-email&#038;utm_content=webmail\">www.avg.com\/email-signature?utm_medium=email&amp;utm_source=link&amp;utm_campaign=sig-email&amp;utm_content=webmail<\/a>> <#DAB4FAD8-2DD7-40BB-A1B8-4E2AA1F9FDF2><\/p>\n","protected":false},"excerpt":{"rendered":"<p>La \u201cMisa por las Autoridades P\u00fablicas\u201d cont\u00f3 con la presencia del gobernador, quien dijo que es una celebraci\u00f3n para \u201camar al pr\u00f3jimo\u201d y pidi\u00f3 por la salud del pueblo chaque\u00f1o y por la \u201cenerg\u00eda necesaria y suficiente para servir a los dem\u00e1s con mucho amor y trabajo\u201d. El gobernador de la provincia del Chaco, Jorge [&hellip;]<\/p>\n","protected":false},"author":1,"featured_media":21967,"comment_status":"closed","ping_status":"closed","sticky":false,"template":"","format":"standard","meta":{"footnotes":""},"categories":[6],"tags":[],"class_list":{"0":"post-21966","1":"post","2":"type-post","3":"status-publish","4":"format-standard","5":"has-post-thumbnail","7":"category-chaco"},"_links":{"self":[{"href":"https:\/\/chacosintesis.com.ar\/index.php\/wp-json\/wp\/v2\/posts\/21966","targetHints":{"allow":["GET"]}}],"collection":[{"href":"https:\/\/chacosintesis.com.ar\/index.php\/wp-json\/wp\/v2\/posts"}],"about":[{"href":"https:\/\/chacosintesis.com.ar\/index.php\/wp-json\/wp\/v2\/types\/post"}],"author":[{"embeddable":true,"href":"https:\/\/chacosintesis.com.ar\/index.php\/wp-json\/wp\/v2\/users\/1"}],"replies":[{"embeddable":true,"href":"https:\/\/chacosintesis.com.ar\/index.php\/wp-json\/wp\/v2\/comments?post=21966"}],"version-history":[{"count":0,"href":"https:\/\/chacosintesis.com.ar\/index.php\/wp-json\/wp\/v2\/posts\/21966\/revisions"}],"wp:featuredmedia":[{"embeddable":true,"href":"https:\/\/chacosintesis.com.ar\/index.php\/wp-json\/wp\/v2\/media\/21967"}],"wp:attachment":[{"href":"https:\/\/chacosintesis.com.ar\/index.php\/wp-json\/wp\/v2\/media?parent=21966"}],"wp:term":[{"taxonomy":"category","embeddable":true,"href":"https:\/\/chacosintesis.com.ar\/index.php\/wp-json\/wp\/v2\/categories?post=21966"},{"taxonomy":"post_tag","embeddable":true,"href":"https:\/\/chacosintesis.com.ar\/index.php\/wp-json\/wp\/v2\/tags?post=21966"}],"curies":[{"name":"wp","href":"https:\/\/api.w.org\/{rel}","templated":true}]}}