{"id":21964,"date":"2023-05-22T14:50:49","date_gmt":"2023-05-22T17:50:49","guid":{"rendered":"https:\/\/chacosintesis.com.ar\/?p=21964"},"modified":"2023-05-22T15:06:50","modified_gmt":"2023-05-22T18:06:50","slug":"el-publico-sera-jurado-de-la-fiesta-regional-de-la-milanesa-que-se-celebra-en-resistencia","status":"publish","type":"post","link":"https:\/\/chacosintesis.com.ar\/index.php\/el-publico-sera-jurado-de-la-fiesta-regional-de-la-milanesa-que-se-celebra-en-resistencia\/","title":{"rendered":"El p\u00fablico ser\u00e1 jurado de la Fiesta Regional de la Milanesa que se celebra en Resistencia"},"content":{"rendered":"<p>Desde este jueves 25 y hasta el domingo 28, la pista de atletismo del Parque 2 de Febrero de la capital chaque\u00f1a ser\u00e1 sede de la Fiesta Regional de la Milanesa, evento gastron\u00f3mico que ser\u00e1 maridado con buena m\u00fasica en vivo y distintas propuestas culturales.<br \/>\nSi bien el evento comienza el jueves, ese d\u00eda el festejo ser\u00e1 con una jornada de locro y pastelitos desde el mediod\u00eda para celebrar el D\u00eda de la Patria, en tanto que a partir del viernes la fiesta comenzar\u00e1 a las 17 para ir a degustar la mejor milanesa.<br \/>\n\u201cLa gente va a poder acceder a degustar y votar en una urna, la que m\u00e1s votos tenga tendr\u00e1 el reconocimiento. Las mismas personas que vayan van a poder degustar y votar, se decidir\u00e1 s\u00f3lo voto del p\u00fablico\u201d, explic\u00f3 Aurelia del Valle, integrante comisi\u00f3n organizadora, en comunicaci\u00f3n con Radio Provincia del Chaco.<br \/>\nLa competici\u00f3n tomar\u00e1 en cuenta a las milanesas de todos los gustos, cada una con su receta particular. \u201cSe est\u00e1 poniendo much\u00edsimo esfuerzo\u201d, reconoci\u00f3 del Valle, quien explic\u00f3 que por el momento no se prev\u00e9 una suspensi\u00f3n por lluvia, sino que se podr\u00edan colocar carpas para el normal desarrollo gastron\u00f3mico.<br \/>\nLa Fiesta Regional de la Milanesa es organizada por la Fundaci\u00f3n Dignidad y Grandeza Social y el acompa\u00f1amiento del Gobierno de la provincia del Chaco, la Subsecretar\u00eda de Gobierno, el Instituto de Cultura, el Instituto de Turismo, el Instituto de Vivienda, Loter\u00eda Chaque\u00f1a y el Ministerio de Desarrollo Social de la Naci\u00f3n. Durante el evento habr\u00e1 sorteos para los participantes y muchas actividades gratuitas pensadas para toda la familia. En el escenario principal se lucir\u00e1n importantes artistas de la regi\u00f3n como La Incendiada, Las Guaynas Por\u00e1, La Previa, Los Paisanos y Gissella entre muchos otros.<br \/>\n<<a href=\"http:\/\/www.avg.com\/email-signature?utm_medium=email&#038;utm_source=link&#038;utm_campaign=sig-email&#038;utm_content=webmail\">www.avg.com\/email-signature?utm_medium=email&amp;utm_source=link&amp;utm_campaign=sig-email&amp;utm_content=webmail<\/a>> Libre de virus.www.avg.com <<a href=\"http:\/\/www.avg.com\/email-signature?utm_medium=email&#038;utm_source=link&#038;utm_campaign=sig-email&#038;utm_content=webmail\">www.avg.com\/email-signature?utm_medium=email&amp;utm_source=link&amp;utm_campaign=sig-email&amp;utm_content=webmail<\/a>> <#DAB4FAD8-2DD7-40BB-A1B8-4E2AA1F9FDF2><\/p>\n","protected":false},"excerpt":{"rendered":"<p>Desde este jueves 25 y hasta el domingo 28, la pista de atletismo del Parque 2 de Febrero de la capital chaque\u00f1a ser\u00e1 sede de la Fiesta Regional de la Milanesa, evento gastron\u00f3mico que ser\u00e1 maridado con buena m\u00fasica en vivo y distintas propuestas culturales. Si bien el evento comienza el jueves, ese d\u00eda el [&hellip;]<\/p>\n","protected":false},"author":1,"featured_media":21965,"comment_status":"closed","ping_status":"closed","sticky":false,"template":"","format":"standard","meta":{"footnotes":""},"categories":[6],"tags":[],"class_list":{"0":"post-21964","1":"post","2":"type-post","3":"status-publish","4":"format-standard","5":"has-post-thumbnail","7":"category-chaco"},"_links":{"self":[{"href":"https:\/\/chacosintesis.com.ar\/index.php\/wp-json\/wp\/v2\/posts\/21964","targetHints":{"allow":["GET"]}}],"collection":[{"href":"https:\/\/chacosintesis.com.ar\/index.php\/wp-json\/wp\/v2\/posts"}],"about":[{"href":"https:\/\/chacosintesis.com.ar\/index.php\/wp-json\/wp\/v2\/types\/post"}],"author":[{"embeddable":true,"href":"https:\/\/chacosintesis.com.ar\/index.php\/wp-json\/wp\/v2\/users\/1"}],"replies":[{"embeddable":true,"href":"https:\/\/chacosintesis.com.ar\/index.php\/wp-json\/wp\/v2\/comments?post=21964"}],"version-history":[{"count":0,"href":"https:\/\/chacosintesis.com.ar\/index.php\/wp-json\/wp\/v2\/posts\/21964\/revisions"}],"wp:featuredmedia":[{"embeddable":true,"href":"https:\/\/chacosintesis.com.ar\/index.php\/wp-json\/wp\/v2\/media\/21965"}],"wp:attachment":[{"href":"https:\/\/chacosintesis.com.ar\/index.php\/wp-json\/wp\/v2\/media?parent=21964"}],"wp:term":[{"taxonomy":"category","embeddable":true,"href":"https:\/\/chacosintesis.com.ar\/index.php\/wp-json\/wp\/v2\/categories?post=21964"},{"taxonomy":"post_tag","embeddable":true,"href":"https:\/\/chacosintesis.com.ar\/index.php\/wp-json\/wp\/v2\/tags?post=21964"}],"curies":[{"name":"wp","href":"https:\/\/api.w.org\/{rel}","templated":true}]}}