{"id":21950,"date":"2023-05-22T08:51:39","date_gmt":"2023-05-22T11:51:39","guid":{"rendered":"https:\/\/chacosintesis.com.ar\/?p=21950"},"modified":"2023-05-22T09:06:41","modified_gmt":"2023-05-22T12:06:41","slug":"concepcion-del-bermejo-despiste-sin-lesionados-en-la-ruta-nacional-16","status":"publish","type":"post","link":"https:\/\/chacosintesis.com.ar\/index.php\/concepcion-del-bermejo-despiste-sin-lesionados-en-la-ruta-nacional-16\/","title":{"rendered":"Concepci\u00f3n del Bermejo: Despiste sin lesionados en la ruta nacional 16"},"content":{"rendered":"<p>Una camioneta, cuyos ocupantes eran dos hombres domiciliados en Corrientes, despist\u00f3 y termin\u00f3 s\u00f3lo con da\u00f1os materiales.<br \/>\n Seg\u00fan report\u00f3 la comisar\u00eda de Concepci\u00f3n del Bermejo, este domingo alrededor de las 14 se tom\u00f3 conocimiento de un siniestro vial ocurrido en el kil\u00f3metro 238 de la ruta nacional 16.<br \/>\nAl llegar al lugar, efectivos policiales constataron que el siniestro hab\u00eda sido protagonizado por una camioneta Toyota Hilux, guiada por un hombre de 28 a\u00f1os con domicilio en la ciudad de Corrientes, acompa\u00f1ado por otro de 24 a\u00f1os, tambi\u00e9n de esa ciudad, quienes manifestaron haber perdido control de rodado al realizar una maniobra, finalizando a 100 metros de la banquina.<br \/>\nAl lugar arrib\u00f3 una ambulancia, aunque su intervenci\u00f3n no fue necesaria para traslados ya que quienes protagonizaron el siniestro manifestaron no encontrarse lesionados.<br \/>\nEl veh\u00edculo result\u00f3 con da\u00f1os, y fue entregado a su conductor, previa acreditaci\u00f3n de la propiedad, seg\u00fan fue dispuesto por el magistrado actuante.<\/p>\n","protected":false},"excerpt":{"rendered":"<p>Una camioneta, cuyos ocupantes eran dos hombres domiciliados en Corrientes, despist\u00f3 y termin\u00f3 s\u00f3lo con da\u00f1os materiales. Seg\u00fan report\u00f3 la comisar\u00eda de Concepci\u00f3n del Bermejo, este domingo alrededor de las 14 se tom\u00f3 conocimiento de un siniestro vial ocurrido en el kil\u00f3metro 238 de la ruta nacional 16. Al llegar al lugar, efectivos policiales constataron [&hellip;]<\/p>\n","protected":false},"author":1,"featured_media":21951,"comment_status":"closed","ping_status":"closed","sticky":false,"template":"","format":"standard","meta":{"footnotes":""},"categories":[6],"tags":[],"class_list":{"0":"post-21950","1":"post","2":"type-post","3":"status-publish","4":"format-standard","5":"has-post-thumbnail","7":"category-chaco"},"_links":{"self":[{"href":"https:\/\/chacosintesis.com.ar\/index.php\/wp-json\/wp\/v2\/posts\/21950","targetHints":{"allow":["GET"]}}],"collection":[{"href":"https:\/\/chacosintesis.com.ar\/index.php\/wp-json\/wp\/v2\/posts"}],"about":[{"href":"https:\/\/chacosintesis.com.ar\/index.php\/wp-json\/wp\/v2\/types\/post"}],"author":[{"embeddable":true,"href":"https:\/\/chacosintesis.com.ar\/index.php\/wp-json\/wp\/v2\/users\/1"}],"replies":[{"embeddable":true,"href":"https:\/\/chacosintesis.com.ar\/index.php\/wp-json\/wp\/v2\/comments?post=21950"}],"version-history":[{"count":0,"href":"https:\/\/chacosintesis.com.ar\/index.php\/wp-json\/wp\/v2\/posts\/21950\/revisions"}],"wp:featuredmedia":[{"embeddable":true,"href":"https:\/\/chacosintesis.com.ar\/index.php\/wp-json\/wp\/v2\/media\/21951"}],"wp:attachment":[{"href":"https:\/\/chacosintesis.com.ar\/index.php\/wp-json\/wp\/v2\/media?parent=21950"}],"wp:term":[{"taxonomy":"category","embeddable":true,"href":"https:\/\/chacosintesis.com.ar\/index.php\/wp-json\/wp\/v2\/categories?post=21950"},{"taxonomy":"post_tag","embeddable":true,"href":"https:\/\/chacosintesis.com.ar\/index.php\/wp-json\/wp\/v2\/tags?post=21950"}],"curies":[{"name":"wp","href":"https:\/\/api.w.org\/{rel}","templated":true}]}}