{"id":21948,"date":"2023-05-22T08:09:41","date_gmt":"2023-05-22T11:09:41","guid":{"rendered":"https:\/\/chacosintesis.com.ar\/?p=21948"},"modified":"2023-05-22T08:36:47","modified_gmt":"2023-05-22T11:36:47","slug":"el-chaco-rinde-tributo-a-santa-rita-de-casia-en-puerto-tirol","status":"publish","type":"post","link":"https:\/\/chacosintesis.com.ar\/index.php\/el-chaco-rinde-tributo-a-santa-rita-de-casia-en-puerto-tirol\/","title":{"rendered":"El Chaco rinde tributo a Santa Rita de Casia en Puerto Tirol"},"content":{"rendered":"<p>Las precipitaciones registradas en el este chaque\u00f1o durante todo el domingo no impidieron que los fieles acudieran a venerar a Santa Risa de Casia en la parroquia San Jos\u00e9 de Puerto Tirol. Hoy, fecha de conmemoraci\u00f3n de la abogada de las causas imposibles en el calendario lit\u00fargico,  se espera una mejor\u00eda en las condiciones meteorol\u00f3gicas, lo que facilitar\u00e1 el traslado de los peregrinos y har\u00e1 que se mantengan las actividades del programa estipulado, seg\u00fan confirm\u00f3 a NORTE el padre Carlos Dellamea, uno de los organizadores de las celebraciones que tendr\u00e1n lugar en la localidad taninera.<br \/>\nEL PROGRAMA<br \/>\nAyer domingo a las 22.30 se rez\u00f3 un Santo Rosario luminoso por la vida.<br \/>\nA la hora cero de hoy lunes 22 se celebr\u00f3 una Misa por la vida. A las 7 habr\u00e1 una Misa por los peregrinos. A las 9 el oficio ser\u00e1 por los ancianos y enfermos.<br \/>\nA las 11 ser\u00e1 la Santa Misa central, celebrada por el arzobispo de la Arquidi\u00f3cesis de Resistencia monse\u00f1or Ram\u00f3n Dus, y concelebrada por los sacerdotes de la parroquia San Jos\u00e9.<br \/>\nA las 15:30 comenzar\u00e1 la procesi\u00f3n encabezada por la imagen de la santa por las calles del pueblo, y luego se celebrar\u00e1 una Misa por las familias.<br \/>\nA las 18:30 se oficiar\u00e1 una Misa por los j\u00f3venes, y a las 20 se celebrar\u00e1 la Misa por nuestro pueblo.<\/p>\n","protected":false},"excerpt":{"rendered":"<p>Las precipitaciones registradas en el este chaque\u00f1o durante todo el domingo no impidieron que los fieles acudieran a venerar a Santa Risa de Casia en la parroquia San Jos\u00e9 de Puerto Tirol. Hoy, fecha de conmemoraci\u00f3n de la abogada de las causas imposibles en el calendario lit\u00fargico, se espera una mejor\u00eda en las condiciones meteorol\u00f3gicas, [&hellip;]<\/p>\n","protected":false},"author":1,"featured_media":21949,"comment_status":"closed","ping_status":"closed","sticky":false,"template":"","format":"standard","meta":{"footnotes":""},"categories":[6],"tags":[],"class_list":{"0":"post-21948","1":"post","2":"type-post","3":"status-publish","4":"format-standard","5":"has-post-thumbnail","7":"category-chaco"},"_links":{"self":[{"href":"https:\/\/chacosintesis.com.ar\/index.php\/wp-json\/wp\/v2\/posts\/21948","targetHints":{"allow":["GET"]}}],"collection":[{"href":"https:\/\/chacosintesis.com.ar\/index.php\/wp-json\/wp\/v2\/posts"}],"about":[{"href":"https:\/\/chacosintesis.com.ar\/index.php\/wp-json\/wp\/v2\/types\/post"}],"author":[{"embeddable":true,"href":"https:\/\/chacosintesis.com.ar\/index.php\/wp-json\/wp\/v2\/users\/1"}],"replies":[{"embeddable":true,"href":"https:\/\/chacosintesis.com.ar\/index.php\/wp-json\/wp\/v2\/comments?post=21948"}],"version-history":[{"count":0,"href":"https:\/\/chacosintesis.com.ar\/index.php\/wp-json\/wp\/v2\/posts\/21948\/revisions"}],"wp:featuredmedia":[{"embeddable":true,"href":"https:\/\/chacosintesis.com.ar\/index.php\/wp-json\/wp\/v2\/media\/21949"}],"wp:attachment":[{"href":"https:\/\/chacosintesis.com.ar\/index.php\/wp-json\/wp\/v2\/media?parent=21948"}],"wp:term":[{"taxonomy":"category","embeddable":true,"href":"https:\/\/chacosintesis.com.ar\/index.php\/wp-json\/wp\/v2\/categories?post=21948"},{"taxonomy":"post_tag","embeddable":true,"href":"https:\/\/chacosintesis.com.ar\/index.php\/wp-json\/wp\/v2\/tags?post=21948"}],"curies":[{"name":"wp","href":"https:\/\/api.w.org\/{rel}","templated":true}]}}