{"id":21945,"date":"2023-05-21T13:42:00","date_gmt":"2023-05-21T16:42:00","guid":{"rendered":"https:\/\/chacosintesis.com.ar\/?p=21945"},"modified":"2023-05-21T21:15:20","modified_gmt":"2023-05-22T00:15:20","slug":"cuesta-buscara-potenciar-la-hermandad-entre-paraguay-y-resistencia-para-un-desarrollo-economico-y-turistico-conjunto","status":"publish","type":"post","link":"https:\/\/chacosintesis.com.ar\/index.php\/cuesta-buscara-potenciar-la-hermandad-entre-paraguay-y-resistencia-para-un-desarrollo-economico-y-turistico-conjunto\/","title":{"rendered":"Cuesta buscar\u00e1 potenciar la hermandad entre Paraguay y Resistencia para un desarrollo econ\u00f3mico y tur\u00edstico conjunto"},"content":{"rendered":"\n<p>Con la idea de seguir fortaleciendo los lazos con el Paraguay, se realiz\u00f3 un festival por los 212 a\u00f1os de independencia del pa\u00eds hermano con la participaci\u00f3n de artistas y el reconocimiento a personalidades destacadas. La presidenta del Poder Legislativo del Chaco, Elida Cuesta, acompa\u00f1\u00f3 al intendente de Resistencia, Gustavo Mart\u00ednez, y a la consulesa paraguaya Diana Arrellaga Alonso en los festejos, realizados por el municipio capitalino en el Domo del Centenario, destacando el compromiso de continuar propiciando espacios para el trabajo mancomunado para el desarrollo econ\u00f3mico y tur\u00edstico como as\u00ed tambi\u00e9n la hermandad entre ambos pueblos.<br>Con la participaci\u00f3n del embajador argentino en el Paraguay, Domingo Peppo, para la candidata a intendenta de Resistencia es de vital importancia que el municipio cumpla un rol preponderante en el fortalecimiento de pol\u00edticas p\u00fablicas con el consulado del pa\u00eds lim\u00edtrofe. &#8220;Estamos muy cercanos a Asunci\u00f3n, permanentemente chaque\u00f1os van al Paraguay y paraguayos vienen al Chaco. En Diana encontramos a la persona que supo interpretar lo que los chaque\u00f1os quer\u00edamos hacer con el pueblo paraguayo que reside ac\u00e1, que vive ac\u00e1, porque la verdad que ella representa lo que nosotros esper\u00e1bamos siempre de los funcionarios que vienen ac\u00e1 y trabajar en equipo y en coordinaci\u00f3n, estableciendo pol\u00edticas p\u00fablicas tanto para la zona del Paraguay como para nosotros&#8221;, se\u00f1al\u00f3 Cuesta.<br>La presidenta destac\u00f3 el festejo, ya que compartirlo &#8220;es para las y los paraguayos, tanto como para nosotros, un honor. Queremos continuar acompa\u00f1ado porque creemos y estamos convencidos de que tenemos que seguir en este intercambio cultural, este intercambio que permanentemente hacemos. Porque, adem\u00e1s, necesitamos que nuestros pueblos trabajen para fortalecer sus econom\u00edas y el turismo&#8221;.<br>De llegar a gobernar la intendencia, Eli Cuesta manifest\u00f3 que las puertas estar\u00e1n abiertas para seguir con los proyectos y el di\u00e1logo porque &#8220;son muchos los paraguayos que conocemos, que viven en la ciudad, que queremos que nos sigan acompa\u00f1ando, que queremos seguir trabajando juntos y seguir relacion\u00e1ndonos como lo venimos haciendo hasta ahora&#8221;.<\/p>\n\n\n\n<p>Por su parte, la consulesa Diana Arellaga Alonso destac\u00f3 el trabajo que vienen realizando con el intendente y la presidenta de la Legislatura. &#8220;Falta mucho todav\u00eda, nos queda mucho por hacer, estoy profundamente convencida de que el Chaco va a ser un punto, una potencia de conexi\u00f3n con el Paraguay. Estoy segura tambi\u00e9n que desde el gobierno central de mi pa\u00eds, de agosto en adelante, cuando se sumen los nuevos gobernantes, van a trabajar para potenciar el desarrollo desde el lado paraguayo, que es el departamento de \u00d1eembuc\u00fa, con quienes anhelamos conectarnos con el Chaco a trav\u00e9s de un puente, que es un proyecto del cual venimos hablando y so\u00f1ando desde hace un tiempo&#8221;, manifest\u00f3.<br>En cuanto a las expectativas econ\u00f3micas y culturales, la funcionaria paraguaya, expres\u00f3 que muchos son los objetivos, y &#8220;principalmente en la materia cultural ya lo hemos logrado. Venimos trabajando culturalmente muy bien desde hace varios a\u00f1os. Estoy convencida de que el Chaco tiene mucho para crecer. Nuestro sue\u00f1o tambi\u00e9n es tener una conexi\u00f3n a\u00e9rea Resistencia-Asunci\u00f3n que permita una conexi\u00f3n directa con los turistas a trav\u00e9s de esta v\u00eda&#8221;.<\/p>\n","protected":false},"excerpt":{"rendered":"<p>Con la idea de seguir fortaleciendo los lazos con el Paraguay, se realiz\u00f3 un festival por los 212 a\u00f1os de independencia del pa\u00eds hermano con la participaci\u00f3n de artistas y el reconocimiento a personalidades destacadas. La presidenta del Poder Legislativo del Chaco, Elida Cuesta, acompa\u00f1\u00f3 al intendente de Resistencia, Gustavo Mart\u00ednez, y a la consulesa [&hellip;]<\/p>\n","protected":false},"author":1,"featured_media":21946,"comment_status":"closed","ping_status":"closed","sticky":false,"template":"","format":"standard","meta":{"footnotes":""},"categories":[6],"tags":[202],"class_list":{"0":"post-21945","1":"post","2":"type-post","3":"status-publish","4":"format-standard","5":"has-post-thumbnail","7":"category-chaco","8":"tag-legislatura"},"_links":{"self":[{"href":"https:\/\/chacosintesis.com.ar\/index.php\/wp-json\/wp\/v2\/posts\/21945","targetHints":{"allow":["GET"]}}],"collection":[{"href":"https:\/\/chacosintesis.com.ar\/index.php\/wp-json\/wp\/v2\/posts"}],"about":[{"href":"https:\/\/chacosintesis.com.ar\/index.php\/wp-json\/wp\/v2\/types\/post"}],"author":[{"embeddable":true,"href":"https:\/\/chacosintesis.com.ar\/index.php\/wp-json\/wp\/v2\/users\/1"}],"replies":[{"embeddable":true,"href":"https:\/\/chacosintesis.com.ar\/index.php\/wp-json\/wp\/v2\/comments?post=21945"}],"version-history":[{"count":0,"href":"https:\/\/chacosintesis.com.ar\/index.php\/wp-json\/wp\/v2\/posts\/21945\/revisions"}],"wp:featuredmedia":[{"embeddable":true,"href":"https:\/\/chacosintesis.com.ar\/index.php\/wp-json\/wp\/v2\/media\/21946"}],"wp:attachment":[{"href":"https:\/\/chacosintesis.com.ar\/index.php\/wp-json\/wp\/v2\/media?parent=21945"}],"wp:term":[{"taxonomy":"category","embeddable":true,"href":"https:\/\/chacosintesis.com.ar\/index.php\/wp-json\/wp\/v2\/categories?post=21945"},{"taxonomy":"post_tag","embeddable":true,"href":"https:\/\/chacosintesis.com.ar\/index.php\/wp-json\/wp\/v2\/tags?post=21945"}],"curies":[{"name":"wp","href":"https:\/\/api.w.org\/{rel}","templated":true}]}}