{"id":21940,"date":"2023-05-21T11:10:46","date_gmt":"2023-05-21T14:10:46","guid":{"rendered":"https:\/\/chacosintesis.com.ar\/?p=21940"},"modified":"2023-05-21T11:10:47","modified_gmt":"2023-05-21T14:10:47","slug":"convergencia-social-cumple-29-anos-en-la-politica-chaquena-fortalecida-con-vision-humanista-social-y-de-futuro","status":"publish","type":"post","link":"https:\/\/chacosintesis.com.ar\/index.php\/convergencia-social-cumple-29-anos-en-la-politica-chaquena-fortalecida-con-vision-humanista-social-y-de-futuro\/","title":{"rendered":"Convergencia Social cumple 29 a\u00f1os en la pol\u00edtica chaque\u00f1a: Fortalecida, con visi\u00f3n humanista, social y de futuro"},"content":{"rendered":"\n<p>Este domingo 21 de mayo Convergencia Social-UCR Chaco celebra 29 a\u00f1os desde su creaci\u00f3n, consolidada como un espacio de una clara visi\u00f3n humanista, social y solidaria, y fortalecida como fuerza pol\u00edtica posicionada fuertemente para revertir los alarmantes \u00edndices de pobreza estructural que castigan a los habitantes de la provincia.<\/p>\n\n\n\n<p><br>De la mano del doctor Angel Rozas, Convergencia Social irrumpi\u00f3 en la pol\u00edtica provincial y nacional como la primera expresi\u00f3n de un frente electoral que logr\u00f3 incorporar a sectores sociales y productivos, en lo que fue una manifestaci\u00f3n de esperanza del pueblo que logr\u00f3 materializarse en el primer gobierno radical del Chaco en el contexto de una gran alianza.<\/p>\n\n\n\n<p><br>Los a\u00f1os de gobierno se tradujeron en pol\u00edticas inclusivas y en acciones concretas que lograron transformar al Chaco, demostrando que se puede gobernar con orden y equilibrio, con servicios p\u00fablicos de calidad brindados por empresas estatales superavitarias como lo fueron Sameep y Secheep, con infraestructura, viviendas sociales, electrificaci\u00f3n rural, desarrollo cultural, con la puesta en funcionamiento de SEFECHA, que comenz\u00f3 a operar en la provincia cuando los trenes en el pa\u00eds se cerraban por la desidia del neoliberalismo que se llevaba todo por delante.<\/p>\n\n\n\n<p><br>Y en estos momentos donde el sistema educativo chaque\u00f1o cruje y se desangra, es imperioso destacar el Plan de Alfabetizaci\u00f3n Nunca es Tarde, apadrinado por el escritor Ernesto S\u00e1bato, que fue pionero en el pa\u00eds y se puso en marcha en una \u00e9poca de profunda crisis. La provincia ten\u00eda un programa para luchar contra el analfabetismo que pudo desarrollarse de manera exitosa, mientras que hoy el Chaco exhibe tristemente los peores \u00edndices educativos de la Argentina, en una clara s\u00edntesis de la pobreza y marginalidad a la que se somete a los ni\u00f1os y ni\u00f1as que no van a la escuela.<br>Otro de los grandes hitos de gesti\u00f3n que deben ser revalorizados tiene que ver con la defensa a ultranza realizada del 82 por ciento m\u00f3vil para los jubilados chaque\u00f1os, como tambi\u00e9n el sostenimiento de la caja jubilatoria -Insssep-, cuya entrega a la naci\u00f3n fue un requisito exigido por el menemismo para brindarle obras a la provincia.<\/p>\n\n\n\n<p><br>Con la bandera de los sectores productivos y populares siempre presentes, aquellos valores, ideas y pol\u00edticas que marcaron su nacimiento siguen intactos en tiempos donde es imperioso convocar a la sociedad toda a pensar un mejor futuro para el Chaco. La utop\u00eda que marc\u00f3 los inicios de Convergencia, ese sue\u00f1o de una provincia pujante, est\u00e1 m\u00e1s firme que nunca y se traduce en la esperanza de miles de chaque\u00f1os que no bajan los brazos.<\/p>\n\n\n\n<p><br>Hoy, a 29 a\u00f1os de su creaci\u00f3n, Convergencia Social se muestra fortalecida, revitalizada por el acompa\u00f1amiento de j\u00f3venes de toda la provincia que encuentran un espacio donde pueden sentirse parte del cambio de paradigma que se necesita.<\/p>\n\n\n\n<p><br>Bregamos por una provincia en la que se privilegie la educaci\u00f3n y la salud como eje transversal de toda pol\u00edtica p\u00fablica, en la que el \u00e9xito est\u00e9 asociado al esfuerzo y la superaci\u00f3n personal, generando las oportunidades que necesitan las nuevas generaciones para desarrollar sus proyectos de vida.<\/p>\n\n\n\n<p>Dr. Angel Rozas<br>Presidente Convergencia Social-UCR<\/p>\n","protected":false},"excerpt":{"rendered":"<p>Este domingo 21 de mayo Convergencia Social-UCR Chaco celebra 29 a\u00f1os desde su creaci\u00f3n, consolidada como un espacio de una clara visi\u00f3n humanista, social y solidaria, y fortalecida como fuerza pol\u00edtica posicionada fuertemente para revertir los alarmantes \u00edndices de pobreza estructural que castigan a los habitantes de la provincia. De la mano del doctor Angel [&hellip;]<\/p>\n","protected":false},"author":1,"featured_media":21941,"comment_status":"closed","ping_status":"closed","sticky":false,"template":"","format":"standard","meta":{"footnotes":""},"categories":[6],"tags":[],"class_list":{"0":"post-21940","1":"post","2":"type-post","3":"status-publish","4":"format-standard","5":"has-post-thumbnail","7":"category-chaco"},"_links":{"self":[{"href":"https:\/\/chacosintesis.com.ar\/index.php\/wp-json\/wp\/v2\/posts\/21940","targetHints":{"allow":["GET"]}}],"collection":[{"href":"https:\/\/chacosintesis.com.ar\/index.php\/wp-json\/wp\/v2\/posts"}],"about":[{"href":"https:\/\/chacosintesis.com.ar\/index.php\/wp-json\/wp\/v2\/types\/post"}],"author":[{"embeddable":true,"href":"https:\/\/chacosintesis.com.ar\/index.php\/wp-json\/wp\/v2\/users\/1"}],"replies":[{"embeddable":true,"href":"https:\/\/chacosintesis.com.ar\/index.php\/wp-json\/wp\/v2\/comments?post=21940"}],"version-history":[{"count":0,"href":"https:\/\/chacosintesis.com.ar\/index.php\/wp-json\/wp\/v2\/posts\/21940\/revisions"}],"wp:featuredmedia":[{"embeddable":true,"href":"https:\/\/chacosintesis.com.ar\/index.php\/wp-json\/wp\/v2\/media\/21941"}],"wp:attachment":[{"href":"https:\/\/chacosintesis.com.ar\/index.php\/wp-json\/wp\/v2\/media?parent=21940"}],"wp:term":[{"taxonomy":"category","embeddable":true,"href":"https:\/\/chacosintesis.com.ar\/index.php\/wp-json\/wp\/v2\/categories?post=21940"},{"taxonomy":"post_tag","embeddable":true,"href":"https:\/\/chacosintesis.com.ar\/index.php\/wp-json\/wp\/v2\/tags?post=21940"}],"curies":[{"name":"wp","href":"https:\/\/api.w.org\/{rel}","templated":true}]}}