{"id":21932,"date":"2023-05-20T20:13:06","date_gmt":"2023-05-20T23:13:06","guid":{"rendered":"https:\/\/chacosintesis.com.ar\/?p=21932"},"modified":"2023-05-20T20:38:14","modified_gmt":"2023-05-20T23:38:14","slug":"saenz-pena-secheep-repudio-amenazas-a-sus-operarios-y-aclaro-sobre-conexiones","status":"publish","type":"post","link":"https:\/\/chacosintesis.com.ar\/index.php\/saenz-pena-secheep-repudio-amenazas-a-sus-operarios-y-aclaro-sobre-conexiones\/","title":{"rendered":"S\u00e1enz Pe\u00f1a: Secheep repudi\u00f3 amenazas a sus operarios y aclar\u00f3 sobre conexiones"},"content":{"rendered":"<p>Seg\u00fan indic\u00f3 la entidad provincial, hay una denuncia penal iniciada por los trabajadores que recibieron hostigamientos y difamaciones en redes sociales.<\/p>\n<p>Secheep emiti\u00f3 un comunicado donde repudi\u00f3 la amenaza a trabajadores y aclar\u00f3 sobre conexiones en el ex aero club de S\u00e1enz Pe\u00f1a. Seg\u00fan indic\u00f3 la entidad provincial, hay una denuncia penal iniciada por los trabajadores que recibieron hostigamientos y difamaciones en redes sociales.<br \/>\n\u201cAnte una publicaci\u00f3n en redes sociales respecto a un trabajo de conexi\u00f3n el\u00e9ctrica en la zona del Ex Aero Club de Presidencia Roque S\u00e1enz Pe\u00f1a, SECHEEP aclara a la comunidad que dichos trabajos se encontraban debidamente autorizados&#8221;, indicaron este s\u00e1bado desde la instituci\u00f3n.<br \/>\nAdem\u00e1s, sumaron que: &#8220;Las conexiones que se estaban efectuando cumplen con los requisitos exigidos por las normativas internas previstas para acceder al servicio de energ\u00eda el\u00e9ctrica\u201d.<br \/>\n\u201cEn ese contexto, las autoridades de la Empresa salvaguardan la imagen de los operarios que realizaban el trabajo y que fueron hostigados y amenazados por terceros e injustamente difamados en redes sociales\u201d, mencionaron.<br \/>\nAdem\u00e1s, destacaron que acompa\u00f1ar\u00e1n una denuncia penal realizada por los trabajadores ante el hecho mencionado.<br \/>\n\u201cEs importante se\u00f1alar a la comunidad que Secheep NO realiza conexiones irregulares\u201d, insistieron.<br \/>\n\u201cEn ese contexto, se solicita a vecinos y vecinas realizar las denuncias correspondientes ante la presencia de suministros ilegales y\/o clandestinos\u201d, cerraron.<\/p>\n","protected":false},"excerpt":{"rendered":"<p>Seg\u00fan indic\u00f3 la entidad provincial, hay una denuncia penal iniciada por los trabajadores que recibieron hostigamientos y difamaciones en redes sociales. Secheep emiti\u00f3 un comunicado donde repudi\u00f3 la amenaza a trabajadores y aclar\u00f3 sobre conexiones en el ex aero club de S\u00e1enz Pe\u00f1a. Seg\u00fan indic\u00f3 la entidad provincial, hay una denuncia penal iniciada por los [&hellip;]<\/p>\n","protected":false},"author":1,"featured_media":21933,"comment_status":"closed","ping_status":"closed","sticky":false,"template":"","format":"standard","meta":{"footnotes":""},"categories":[6],"tags":[],"class_list":{"0":"post-21932","1":"post","2":"type-post","3":"status-publish","4":"format-standard","5":"has-post-thumbnail","7":"category-chaco"},"_links":{"self":[{"href":"https:\/\/chacosintesis.com.ar\/index.php\/wp-json\/wp\/v2\/posts\/21932","targetHints":{"allow":["GET"]}}],"collection":[{"href":"https:\/\/chacosintesis.com.ar\/index.php\/wp-json\/wp\/v2\/posts"}],"about":[{"href":"https:\/\/chacosintesis.com.ar\/index.php\/wp-json\/wp\/v2\/types\/post"}],"author":[{"embeddable":true,"href":"https:\/\/chacosintesis.com.ar\/index.php\/wp-json\/wp\/v2\/users\/1"}],"replies":[{"embeddable":true,"href":"https:\/\/chacosintesis.com.ar\/index.php\/wp-json\/wp\/v2\/comments?post=21932"}],"version-history":[{"count":0,"href":"https:\/\/chacosintesis.com.ar\/index.php\/wp-json\/wp\/v2\/posts\/21932\/revisions"}],"wp:featuredmedia":[{"embeddable":true,"href":"https:\/\/chacosintesis.com.ar\/index.php\/wp-json\/wp\/v2\/media\/21933"}],"wp:attachment":[{"href":"https:\/\/chacosintesis.com.ar\/index.php\/wp-json\/wp\/v2\/media?parent=21932"}],"wp:term":[{"taxonomy":"category","embeddable":true,"href":"https:\/\/chacosintesis.com.ar\/index.php\/wp-json\/wp\/v2\/categories?post=21932"},{"taxonomy":"post_tag","embeddable":true,"href":"https:\/\/chacosintesis.com.ar\/index.php\/wp-json\/wp\/v2\/tags?post=21932"}],"curies":[{"name":"wp","href":"https:\/\/api.w.org\/{rel}","templated":true}]}}