{"id":21930,"date":"2023-05-20T19:57:42","date_gmt":"2023-05-20T22:57:42","guid":{"rendered":"https:\/\/chacosintesis.com.ar\/?p=21930"},"modified":"2023-05-20T20:07:49","modified_gmt":"2023-05-20T23:07:49","slug":"capitanich-entrego-casas-a-siete-familias-de-fontana","status":"publish","type":"post","link":"https:\/\/chacosintesis.com.ar\/index.php\/capitanich-entrego-casas-a-siete-familias-de-fontana\/","title":{"rendered":"Capitanich entreg\u00f3 casas a siete familias de Fontana"},"content":{"rendered":"<p>Forman parte del plan de 5.000 viviendas construidas a trav\u00e9s del Instituto de Agricultura Familiar y Econom\u00eda Popular junto a organizaciones sociales.<br \/>\nEl gobernador Jorge Capitanich entreg\u00f3 este s\u00e1bado siete soluciones habitacionales construidas en los barrios Santa B\u00e1rbara 2 y Villa All\u00edn de Fotnana a trav\u00e9s del Instituto de Agricultura Familiar y Econom\u00eda Popular (IAFEP) junto a las fundaciones \u201cDesarrollo Territorial de Base\u201d e \u201cInnovando Futuro\u201d, en el marco del programa de construcci\u00f3n de viviendas populares. En la provincia, se proyecta la construcci\u00f3n de 5.000 viviendas populares a trav\u00e9s del trabajo de cooperativas, fundaciones, asociaciones civiles, organizaciones sociales y populares, \u201ccon el objetivo de dinamizar la generaci\u00f3n de empleo y brindar soluciones habitacionales para muchas familias\u201d, asegur\u00f3 Capitanich, quien estuvo acompa\u00f1ado del titular de IAFEP, Mauro Andi\u00f3n. En esta l\u00ednea, agreg\u00f3 que \u201ces muy positiva la posibilidad de transformar la calidad de vida de los vecinos que habitan estos barrios, a trav\u00e9s de la generaci\u00f3n de empleo de muchas familias que de otra forma, no podr\u00edan llevar un plato de comida todos los d\u00edas a la mesa de cada hogar\u201d. \u201cEstamos con 400 entregas de viviendas, que se construyen en lugares donde efectivamente se pretende ir sosteniendo la regularizaci\u00f3n, urbanizaci\u00f3n de barrios populares y el mejoramiento de la infraestructura social b\u00e1sica. Aqu\u00ed las vecinas y los vecinos pueden acceder al agua potable, energ\u00eda el\u00e9ctrica, que son cuestiones que requieren de inversiones en materia de urbanizaci\u00f3n\u201d, detall\u00f3 el jefe del Ejecutivo Provincial. Cabe destacar que el proceso de trabajo en los 619 barrios populares a lo largo y ancho de todo el territorio provincial, se enmarcan en el Plan Quinquenal 2023-2027 que busca continuar mejorando la calidad de vida de vecinos y vecinas, otorg\u00e1ndoles una vivienda pero a su vez, tambi\u00e9n, generando empleo de calidad.<br \/>\nPlan de urbanizaci\u00f3n y regularizaci\u00f3n de tierras<br \/>\nTambi\u00e9n, durante su recorrida por los barrios de Fontana, Capitanich destac\u00f3 su crecimiento y afirm\u00f3 que se avanza en el proceso de titularizaci\u00f3n dominal, trabajando en la entrega de las escrituras traslativas del dominio de bienes inmuebles. En ese contexto, Capitanich explic\u00f3 que la provincia cuenta con 33.000 t\u00edtulos en proceso de ejecuci\u00f3n, de los cuales se proyecta llegar a los 12.000 en el transcurso de los pr\u00f3ximos meses. Trabajo conjunto para cumplir el sue\u00f1o de la casa propia Dami\u00e1n Ben\u00edtez Claps, presidente de la fundaci\u00f3n \u201cInnovando Futuro\u201d expres\u00f3 su emoci\u00f3n de hacer entrega de un m\u00f3dulo habitacional a una compa\u00f1era de la organizaci\u00f3n y \u201cpermitirles que cuenten con un techo digno, ya que viv\u00eda en una casa muy humilde y hoy disfruta de un lugar \u00f3ptimo y en muy buenas condiciones\u201d, dijo Claps, agradeciendo el acompa\u00f1amiento del Estado Provincial. En la vivienda trabajaron cerca de 13 obreros. El presidente de la fundaci\u00f3n explic\u00f3 que, junto a sus compa\u00f1eros y compa\u00f1eras est\u00e1n trabajando en la ejecuci\u00f3n de 5 viviendas m\u00e1s, y tambi\u00e9n, en la construcci\u00f3n de un Sal\u00f3n de Usos M\u00faltiples (SUM) que funcionar\u00e1 como merendero, comedor, lugar para realizar capacitaciones, entre otras acciones. A su turno, Isabel Ortiz de la Fundaci\u00f3n \u201cDesarrollo territorial de Base\u201d, celebr\u00f3 la entrega de viviendas para las familias de su organizaci\u00f3n, porque \u201cel gobernador nos dio la posibilidad de trabajar para que las familias tengan su lugar, sus comodidades, as\u00ed que estamos muy felices\u201d, dijo. Ortiz explic\u00f3 tambi\u00e9n que contin\u00faan trabajando en la construcci\u00f3n de m\u00e1s soluciones habitacionales para m\u00e1s integrantes de la organizaci\u00f3n.<br \/>\n <<a href=\"http:\/\/www.avg.com\/email-signature?utm_medium=email&#038;utm_source=link&#038;utm_campaign=sig-email&#038;utm_content=webmail\">www.avg.com\/email-signature?utm_medium=email&amp;utm_source=link&amp;utm_campaign=sig-email&amp;utm_content=webmail<\/a>> Libre de virus.www.avg.com <<a href=\"http:\/\/www.avg.com\/email-signature?utm_medium=email&#038;utm_source=link&#038;utm_campaign=sig-email&#038;utm_content=webmail\">www.avg.com\/email-signature?utm_medium=email&amp;utm_source=link&amp;utm_campaign=sig-email&amp;utm_content=webmail<\/a>> <#DAB4FAD8-2DD7-40BB-A1B8-4E2AA1F9FDF2><\/p>\n","protected":false},"excerpt":{"rendered":"<p>Forman parte del plan de 5.000 viviendas construidas a trav\u00e9s del Instituto de Agricultura Familiar y Econom\u00eda Popular junto a organizaciones sociales. El gobernador Jorge Capitanich entreg\u00f3 este s\u00e1bado siete soluciones habitacionales construidas en los barrios Santa B\u00e1rbara 2 y Villa All\u00edn de Fotnana a trav\u00e9s del Instituto de Agricultura Familiar y Econom\u00eda Popular (IAFEP) [&hellip;]<\/p>\n","protected":false},"author":1,"featured_media":21931,"comment_status":"closed","ping_status":"closed","sticky":false,"template":"","format":"standard","meta":{"footnotes":""},"categories":[6],"tags":[],"class_list":{"0":"post-21930","1":"post","2":"type-post","3":"status-publish","4":"format-standard","5":"has-post-thumbnail","7":"category-chaco"},"_links":{"self":[{"href":"https:\/\/chacosintesis.com.ar\/index.php\/wp-json\/wp\/v2\/posts\/21930","targetHints":{"allow":["GET"]}}],"collection":[{"href":"https:\/\/chacosintesis.com.ar\/index.php\/wp-json\/wp\/v2\/posts"}],"about":[{"href":"https:\/\/chacosintesis.com.ar\/index.php\/wp-json\/wp\/v2\/types\/post"}],"author":[{"embeddable":true,"href":"https:\/\/chacosintesis.com.ar\/index.php\/wp-json\/wp\/v2\/users\/1"}],"replies":[{"embeddable":true,"href":"https:\/\/chacosintesis.com.ar\/index.php\/wp-json\/wp\/v2\/comments?post=21930"}],"version-history":[{"count":0,"href":"https:\/\/chacosintesis.com.ar\/index.php\/wp-json\/wp\/v2\/posts\/21930\/revisions"}],"wp:featuredmedia":[{"embeddable":true,"href":"https:\/\/chacosintesis.com.ar\/index.php\/wp-json\/wp\/v2\/media\/21931"}],"wp:attachment":[{"href":"https:\/\/chacosintesis.com.ar\/index.php\/wp-json\/wp\/v2\/media?parent=21930"}],"wp:term":[{"taxonomy":"category","embeddable":true,"href":"https:\/\/chacosintesis.com.ar\/index.php\/wp-json\/wp\/v2\/categories?post=21930"},{"taxonomy":"post_tag","embeddable":true,"href":"https:\/\/chacosintesis.com.ar\/index.php\/wp-json\/wp\/v2\/tags?post=21930"}],"curies":[{"name":"wp","href":"https:\/\/api.w.org\/{rel}","templated":true}]}}