{"id":21918,"date":"2023-05-20T19:44:27","date_gmt":"2023-05-20T22:44:27","guid":{"rendered":"https:\/\/chacosintesis.com.ar\/?p=21918"},"modified":"2023-05-20T20:07:43","modified_gmt":"2023-05-20T23:07:43","slug":"capitanich-ratifico-el-acompanamiento-a-jovenes-de-chaco-que-realizan-posgrados-en-estados-unidos","status":"publish","type":"post","link":"https:\/\/chacosintesis.com.ar\/index.php\/capitanich-ratifico-el-acompanamiento-a-jovenes-de-chaco-que-realizan-posgrados-en-estados-unidos\/","title":{"rendered":"Capitanich ratific\u00f3 el acompa\u00f1amiento a j\u00f3venes de Chaco que realizan posgrados en Estados Unidos"},"content":{"rendered":"<p>La abogada Antonella Lemos y el arquitecto Gast\u00f3n Fern\u00e1ndez forman parte de un selecto grupo de argentinos becados por el Consejo Federal de Inversiones (CFI) para realizar posgrados internacionales. Ambos, a trav\u00e9s del programa provincial Enfoque, son asistidos por el Gobierno provincial para poder cursar sus m\u00e1steres en Norteam\u00e9rica.<br \/>\nEl gobernador Jorge Capitanich dialog\u00f3, este s\u00e1bado, con Antonella Lemos y Gast\u00f3n Fern\u00e1ndez, j\u00f3venes profesionales chaque\u00f1os, que desde agosto de 2022 aplicaron para becas de posgrado Fulbright \u2013 Consejo Federal de Inversiones (CFI), en Estados Unidos, y que cuentan con el acompa\u00f1amiento del Gobierno chaque\u00f1o a trav\u00e9s del programa Enfoque, para poder realizar sus maestr\u00edas en Norteam\u00e9rica. Junto al ministro de Planificaci\u00f3n, Econom\u00eda e Infraestructura, Santiago P\u00e9rez Pons, el gobernador mantuvo una charla con ambos j\u00f3venes quienes, para solventar parte la diferencia del costo de las carreras que quedan afuera de la beca, son acompa\u00f1ados por el Ejecutivo chaque\u00f1o, ya que de otra forma estaban imposibilitados a realizar. De la reuni\u00f3n tambi\u00e9n participaron la subsecretaria de Justicia de la provincia, Lourdes Polo Budzovsky; y la coordinadora del programa Enfoque, Daniela Torrente. La abogada Antonella Lemos fue admitida en George Washington University para cursar un m\u00e1ster en Leyes y el arquitecto Gast\u00f3n Fern\u00e1ndez fue admitido en la City College de New York para un m\u00e1ster en Dise\u00f1o y Planificaci\u00f3n Urbana. Ambos m\u00e1steres tienen una duraci\u00f3n de 10 meses. \u201cAntonella y Gast\u00f3n est\u00e1n estudiando en Estados Unidos a trav\u00e9s de una beca obtenida por el Consejo Federal de Inversiones y el programa Enfoque. Hoy tuvimos una gran charla donde nos contaron un poco de su experiencia all\u00ed\u201d, se\u00f1al\u00f3 el gobernador en sus redes sociales. \u201cPara nosotros es clave ayudar a que los j\u00f3venes se capaciten y puedan aplicar todo lo que est\u00e1n aprendiendo en el Chaco\u201d, agreg\u00f3. Durante la comunicaci\u00f3n entre Capitanich y ambos becados, el mandatario los felicit\u00f3 por la admisi\u00f3n en las universidades norteamericanas y los inst\u00f3 a que en un a\u00f1o est\u00e9n aplicando lo que aprendieron en la gesti\u00f3n p\u00fablica de la provincia. Durante el encuentro, el ministro P\u00e9rez Pons, detall\u00f3 los costos asumidos por la Provincia. Para ambos profesionales, el CFI destina 31.000 d\u00f3lares para gastos de gesti\u00f3n y estad\u00eda, quedando afuera la diferencia del costo de la matr\u00edcula, esa diferencia en ambos casos es afrontada por el Gobierno provincial. Vale recordar, que Antonella y Gast\u00f3n son parte de un grupo de 22 argentinas y argentinos que calificaron para las becas. Sin embargo, Chaco es la \u00fanica provincia que garantiza una beca que cubre la totalidad de los gastos a los postulantes, el resto de las provincias no, quedando esa diferencia a cargo de la becada o el becado.<br \/>\n<<a href=\"http:\/\/www.avg.com\/email-signature?utm_medium=email&#038;utm_source=link&#038;utm_campaign=sig-email&#038;utm_content=webmail\">www.avg.com\/email-signature?utm_medium=email&amp;utm_source=link&amp;utm_campaign=sig-email&amp;utm_content=webmail<\/a>> Libre de virus.www.avg.com <<a href=\"http:\/\/www.avg.com\/email-signature?utm_medium=email&#038;utm_source=link&#038;utm_campaign=sig-email&#038;utm_content=webmail\">www.avg.com\/email-signature?utm_medium=email&amp;utm_source=link&amp;utm_campaign=sig-email&amp;utm_content=webmail<\/a>> <#DAB4FAD8-2DD7-40BB-A1B8-4E2AA1F9FDF2><\/p>\n","protected":false},"excerpt":{"rendered":"<p>La abogada Antonella Lemos y el arquitecto Gast\u00f3n Fern\u00e1ndez forman parte de un selecto grupo de argentinos becados por el Consejo Federal de Inversiones (CFI) para realizar posgrados internacionales. Ambos, a trav\u00e9s del programa provincial Enfoque, son asistidos por el Gobierno provincial para poder cursar sus m\u00e1steres en Norteam\u00e9rica. El gobernador Jorge Capitanich dialog\u00f3, este [&hellip;]<\/p>\n","protected":false},"author":1,"featured_media":21919,"comment_status":"closed","ping_status":"closed","sticky":false,"template":"","format":"standard","meta":{"footnotes":""},"categories":[6],"tags":[],"class_list":{"0":"post-21918","1":"post","2":"type-post","3":"status-publish","4":"format-standard","5":"has-post-thumbnail","7":"category-chaco"},"_links":{"self":[{"href":"https:\/\/chacosintesis.com.ar\/index.php\/wp-json\/wp\/v2\/posts\/21918","targetHints":{"allow":["GET"]}}],"collection":[{"href":"https:\/\/chacosintesis.com.ar\/index.php\/wp-json\/wp\/v2\/posts"}],"about":[{"href":"https:\/\/chacosintesis.com.ar\/index.php\/wp-json\/wp\/v2\/types\/post"}],"author":[{"embeddable":true,"href":"https:\/\/chacosintesis.com.ar\/index.php\/wp-json\/wp\/v2\/users\/1"}],"replies":[{"embeddable":true,"href":"https:\/\/chacosintesis.com.ar\/index.php\/wp-json\/wp\/v2\/comments?post=21918"}],"version-history":[{"count":0,"href":"https:\/\/chacosintesis.com.ar\/index.php\/wp-json\/wp\/v2\/posts\/21918\/revisions"}],"wp:featuredmedia":[{"embeddable":true,"href":"https:\/\/chacosintesis.com.ar\/index.php\/wp-json\/wp\/v2\/media\/21919"}],"wp:attachment":[{"href":"https:\/\/chacosintesis.com.ar\/index.php\/wp-json\/wp\/v2\/media?parent=21918"}],"wp:term":[{"taxonomy":"category","embeddable":true,"href":"https:\/\/chacosintesis.com.ar\/index.php\/wp-json\/wp\/v2\/categories?post=21918"},{"taxonomy":"post_tag","embeddable":true,"href":"https:\/\/chacosintesis.com.ar\/index.php\/wp-json\/wp\/v2\/tags?post=21918"}],"curies":[{"name":"wp","href":"https:\/\/api.w.org\/{rel}","templated":true}]}}