{"id":21916,"date":"2023-05-20T19:41:43","date_gmt":"2023-05-20T22:41:43","guid":{"rendered":"https:\/\/chacosintesis.com.ar\/?p=21916"},"modified":"2023-05-20T20:07:42","modified_gmt":"2023-05-20T23:07:42","slug":"dictaran-una-capacitacion-en-produccion-textil-para-la-comunidad-de-saenz-pena","status":"publish","type":"post","link":"https:\/\/chacosintesis.com.ar\/index.php\/dictaran-una-capacitacion-en-produccion-textil-para-la-comunidad-de-saenz-pena\/","title":{"rendered":"Dictar\u00e1n una capacitaci\u00f3n en producci\u00f3n textil para la comunidad de S\u00e1enz Pe\u00f1a"},"content":{"rendered":"<p>La jornada impulsada por el Gobierno busca fortalecer la oferta de mano de obra en el sector textil.<br \/>\nEl Ministerio de Producci\u00f3n, Industria y Empleo lanz\u00f3 esta semana una nueva capacitaci\u00f3n textil libre y gratuita en el marco del programa de formaci\u00f3n laboral calificada que impulsa el gobierno para fortalecer la oferta de mano de obra en el sector. La iniciativa, titulada \u201cOperador de M\u00e1quina Industrial para la Confecci\u00f3n de Indumentaria\u201d est\u00e1 a cargo de la Subsecretar\u00eda de Industria y el Ministerio de Educaci\u00f3n, Cultura, Ciencia y Tecnolog\u00eda. El curso, que cuenta con certificaci\u00f3n del Instituto Nacional de Educaci\u00f3n Tecnol\u00f3gica (Inet) y tendr\u00e1 una duraci\u00f3n de 100 horas reloj distribuidas en alrededor de tres meses, comenzar\u00e1 este lunes 22 de mayo y se dictar\u00e1 en el Centro C\u00edvico y Cultural de la ciudad termal. Como parte del lanzamiento de la propuesta, la cartera industrial-productiva llev\u00f3 adelante una jornada de concienciaci\u00f3n en cuanto a la Ley Nacional de Talles, que estuvo a cargo del equipo de Educaci\u00f3n para el Consumo. \u201cDesde el Ministerio llevamos adelante un programa de capacitaci\u00f3n laboral calificada para fortalecer la mano de obra destinada a lo textil, sector consolidado en la provincia a partir de pol\u00edticas p\u00fablicas concretas\u201d, asegur\u00f3 este viernes la subsecretaria de Industria, Laura Binaghi. La propuesta tiene como objetivo central desarrollar y mejorar la inserci\u00f3n laboral para el sector textil y de las confecciones en la provincia y forma parte de una pol\u00edtica prioritaria que apunta a un sector estrat\u00e9gico por todo lo que implica la cadena algodonera para el Chaco. \u201cSeguimos generando acciones para fortalecer y mejorar la capacidad de los talleres y emprendedores de la provincia\u201d, se\u00f1al\u00f3 Binaghi.<\/p>\n<p>Ley de Talles<br \/>\nEl \u00e1rea de Defensa del Consumidor llev\u00f3 adelante, a trav\u00e9s del equipo del programa Educaci\u00f3n para el Consumo, la tarea de concienciaci\u00f3n en lo que respecta a la Ley Nacional de Talles. De esta manera, el gobierno contin\u00faa con el esquema de capacitaciones sobre esta tem\u00e1tica, destinada a trabajadores y trabajadoras de diferentes talleres textiles y emprendedores a cargo de la confecci\u00f3n de prendas. La formaci\u00f3n, basada en lo establecido en la Ley 27.521, es impulsada por las subsecretar\u00edas de Comercio Exterior y Defensa de la Competencia, y de Industria, ambas pertenecientes al Ministerio de Producci\u00f3n, Industria y Empleo. La legislaci\u00f3n -que ya se encuentra reglamentada- estipula que la totalidad de las prendas deber\u00e1n ser fabricadas, confeccionadas, comercializadas e importadas de conformidad con el Sistema \u00danico Normalizado de Identificaci\u00f3n de Talles de Indumentaria (Suniti). Esta normativa apunta a un reconocimiento de los cuerpos reales y medidas reales de las y los argentinos; y configura un gran avance en materia de inclusi\u00f3n y de equidad. La Ley 27.521 posibilitar\u00e1 ajustar la tabla de talles de indumentaria a la morfolog\u00eda real de las y los habitantes del pa\u00eds para, de esa manera, unificar criterios en la industria textil argentina. A partir de los conceptos adquiridos durante las capacitaciones, cada tallerista podr\u00e1 conocer en detalle de qu\u00e9 se trata la normativa e ir adaptando los moldes al Sistema \u00danico de Talles.<br \/>\n<<a href=\"http:\/\/www.avg.com\/email-signature?utm_medium=email&#038;utm_source=link&#038;utm_campaign=sig-email&#038;utm_content=webmail\">www.avg.com\/email-signature?utm_medium=email&amp;utm_source=link&amp;utm_campaign=sig-email&amp;utm_content=webmail<\/a>> Libre de virus.www.avg.com <<a href=\"http:\/\/www.avg.com\/email-signature?utm_medium=email&#038;utm_source=link&#038;utm_campaign=sig-email&#038;utm_content=webmail\">www.avg.com\/email-signature?utm_medium=email&amp;utm_source=link&amp;utm_campaign=sig-email&amp;utm_content=webmail<\/a>> <#DAB4FAD8-2DD7-40BB-A1B8-4E2AA1F9FDF2><\/p>\n","protected":false},"excerpt":{"rendered":"<p>La jornada impulsada por el Gobierno busca fortalecer la oferta de mano de obra en el sector textil. El Ministerio de Producci\u00f3n, Industria y Empleo lanz\u00f3 esta semana una nueva capacitaci\u00f3n textil libre y gratuita en el marco del programa de formaci\u00f3n laboral calificada que impulsa el gobierno para fortalecer la oferta de mano de [&hellip;]<\/p>\n","protected":false},"author":1,"featured_media":21917,"comment_status":"closed","ping_status":"closed","sticky":false,"template":"","format":"standard","meta":{"footnotes":""},"categories":[6],"tags":[],"class_list":{"0":"post-21916","1":"post","2":"type-post","3":"status-publish","4":"format-standard","5":"has-post-thumbnail","7":"category-chaco"},"_links":{"self":[{"href":"https:\/\/chacosintesis.com.ar\/index.php\/wp-json\/wp\/v2\/posts\/21916","targetHints":{"allow":["GET"]}}],"collection":[{"href":"https:\/\/chacosintesis.com.ar\/index.php\/wp-json\/wp\/v2\/posts"}],"about":[{"href":"https:\/\/chacosintesis.com.ar\/index.php\/wp-json\/wp\/v2\/types\/post"}],"author":[{"embeddable":true,"href":"https:\/\/chacosintesis.com.ar\/index.php\/wp-json\/wp\/v2\/users\/1"}],"replies":[{"embeddable":true,"href":"https:\/\/chacosintesis.com.ar\/index.php\/wp-json\/wp\/v2\/comments?post=21916"}],"version-history":[{"count":0,"href":"https:\/\/chacosintesis.com.ar\/index.php\/wp-json\/wp\/v2\/posts\/21916\/revisions"}],"wp:featuredmedia":[{"embeddable":true,"href":"https:\/\/chacosintesis.com.ar\/index.php\/wp-json\/wp\/v2\/media\/21917"}],"wp:attachment":[{"href":"https:\/\/chacosintesis.com.ar\/index.php\/wp-json\/wp\/v2\/media?parent=21916"}],"wp:term":[{"taxonomy":"category","embeddable":true,"href":"https:\/\/chacosintesis.com.ar\/index.php\/wp-json\/wp\/v2\/categories?post=21916"},{"taxonomy":"post_tag","embeddable":true,"href":"https:\/\/chacosintesis.com.ar\/index.php\/wp-json\/wp\/v2\/tags?post=21916"}],"curies":[{"name":"wp","href":"https:\/\/api.w.org\/{rel}","templated":true}]}}