{"id":21913,"date":"2023-05-20T16:18:00","date_gmt":"2023-05-20T19:18:00","guid":{"rendered":"https:\/\/chacosintesis.com.ar\/?p=21913"},"modified":"2023-05-20T20:00:48","modified_gmt":"2023-05-20T23:00:48","slug":"lista-de-precandidatos-a-concejales-y-dirigentes-radicales-apoyan-la-candidatura-de-eli-cuesta-como-intendenta-de-resistencia","status":"publish","type":"post","link":"https:\/\/chacosintesis.com.ar\/index.php\/lista-de-precandidatos-a-concejales-y-dirigentes-radicales-apoyan-la-candidatura-de-eli-cuesta-como-intendenta-de-resistencia\/","title":{"rendered":"Lista de precandidatos a concejales y dirigentes radicales apoyan la candidatura de Eli Cuesta como intendenta de Resistencia"},"content":{"rendered":"\n<p>Con el objetivo de construir una propuesta amplia que incluya a todos los sectores, la candidata a intendenta de la Corriente de Expresi\u00f3n Renovada (CER), Eli Cuesta, sum\u00f3 el apoyo de militantes y dirigentes radicales en la presentaci\u00f3n de la lista CER-Correligionarios M, integrada por las y los precandidatos a concejales que la acompa\u00f1ar\u00e1n en la disputa por la intendencia capitalina. La presentaci\u00f3n se realiz\u00f3 ante una multitud de radicales en el Domo del Centenario.<\/p>\n\n\n\n<p>Cuesta se\u00f1al\u00f3 que la clase pol\u00edtica debe estar a la altura de las necesidades de la gente y dejar de lado las diferencias. &#8220;Nosotros siempre tenemos los brazos abiertos para construir entre todas y todos una ciudad mejor, no importa de qu\u00e9 partido vengan, lo que nos importa es trabajar todos los d\u00edas para resolver los problemas de la gente&#8221;, manifest\u00f3.<\/p>\n\n\n\n<p>Asimismo, asever\u00f3 que se hicieron muchas cosas buenas, pero es necesario reivindicar a las y los vecinos a los que se pudo llegar desde el Municipio. &#8220;Queremos que nuestros concejales sean los custodios de todo lo que proponemos para Resistencia, tenemos que volver a cada barrio y estar cerca de cada vecino para resolver los problemas con una profunda vocaci\u00f3n de servicio, porque nuestro compromiso es con el pueblo de Resistencia&#8221;, remarc\u00f3 la candidata.<\/p>\n\n\n\n<p>Adem\u00e1s, celebr\u00f3 la comuni\u00f3n entre militantes peronistas y radicales en una muestra de amor y compromiso con la ciudad. &#8220;Estoy emocionada, nunca pens\u00e9 vivir esto, banderas de dos partidos hist\u00f3ricos juntos por el sue\u00f1o de construir una ciudad y una provincia mejor. Estamos honrando el legado que nos dej\u00f3 Per\u00f3n y Balb\u00edn en ese abrazo hist\u00f3rico que nos ense\u00f1\u00f3 que para un argentino no hay nada mejor que otro argentino. Eso necesitamos en este momento: trabajar juntos para salir adelante&#8221;, asever\u00f3.<\/p>\n","protected":false},"excerpt":{"rendered":"<p>Con el objetivo de construir una propuesta amplia que incluya a todos los sectores, la candidata a intendenta de la Corriente de Expresi\u00f3n Renovada (CER), Eli Cuesta, sum\u00f3 el apoyo de militantes y dirigentes radicales en la presentaci\u00f3n de la lista CER-Correligionarios M, integrada por las y los precandidatos a concejales que la acompa\u00f1ar\u00e1n en [&hellip;]<\/p>\n","protected":false},"author":1,"featured_media":21914,"comment_status":"closed","ping_status":"closed","sticky":false,"template":"","format":"standard","meta":{"footnotes":""},"categories":[6],"tags":[202],"class_list":{"0":"post-21913","1":"post","2":"type-post","3":"status-publish","4":"format-standard","5":"has-post-thumbnail","7":"category-chaco","8":"tag-legislatura"},"_links":{"self":[{"href":"https:\/\/chacosintesis.com.ar\/index.php\/wp-json\/wp\/v2\/posts\/21913","targetHints":{"allow":["GET"]}}],"collection":[{"href":"https:\/\/chacosintesis.com.ar\/index.php\/wp-json\/wp\/v2\/posts"}],"about":[{"href":"https:\/\/chacosintesis.com.ar\/index.php\/wp-json\/wp\/v2\/types\/post"}],"author":[{"embeddable":true,"href":"https:\/\/chacosintesis.com.ar\/index.php\/wp-json\/wp\/v2\/users\/1"}],"replies":[{"embeddable":true,"href":"https:\/\/chacosintesis.com.ar\/index.php\/wp-json\/wp\/v2\/comments?post=21913"}],"version-history":[{"count":0,"href":"https:\/\/chacosintesis.com.ar\/index.php\/wp-json\/wp\/v2\/posts\/21913\/revisions"}],"wp:featuredmedia":[{"embeddable":true,"href":"https:\/\/chacosintesis.com.ar\/index.php\/wp-json\/wp\/v2\/media\/21914"}],"wp:attachment":[{"href":"https:\/\/chacosintesis.com.ar\/index.php\/wp-json\/wp\/v2\/media?parent=21913"}],"wp:term":[{"taxonomy":"category","embeddable":true,"href":"https:\/\/chacosintesis.com.ar\/index.php\/wp-json\/wp\/v2\/categories?post=21913"},{"taxonomy":"post_tag","embeddable":true,"href":"https:\/\/chacosintesis.com.ar\/index.php\/wp-json\/wp\/v2\/tags?post=21913"}],"curies":[{"name":"wp","href":"https:\/\/api.w.org\/{rel}","templated":true}]}}