{"id":21910,"date":"2023-05-18T14:57:00","date_gmt":"2023-05-18T17:57:00","guid":{"rendered":"https:\/\/chacosintesis.com.ar\/?p=21910"},"modified":"2023-05-20T19:58:47","modified_gmt":"2023-05-20T22:58:47","slug":"cuesta-tenemos-la-firme-conviccion-de-construir-juntos-una-ciudad-mejor","status":"publish","type":"post","link":"https:\/\/chacosintesis.com.ar\/index.php\/cuesta-tenemos-la-firme-conviccion-de-construir-juntos-una-ciudad-mejor\/","title":{"rendered":"Cuesta: \u201cTenemos la firme convicci\u00f3n de construir juntos una ciudad mejor&#8221;"},"content":{"rendered":"\n<p>Ante una multitud de personas que colm\u00f3 las instalaciones del Centro de Convenciones Gala, el frente Corriente de Expresi\u00f3n Renovada (CER) present\u00f3 a sus precandidatas y precandidatos del \u00e1rea metropolitana para las Primarias Abiertas Simult\u00e1neas y Obligatorias (PASO). La candidata a intendenta de Resistencia, Eli Cuesta, convoc\u00f3 a recuperar la cercan\u00eda con el pueblo y los valores para construir una ciudad mejor.<\/p>\n\n\n\n<p>\u201cVamos a construir un municipio cerca de las y los vecinos, con la capacidad de resolver los problemas de la comunidad y un compromiso irrenunciable con los valores porque creemos que una Resistencia pujante, inclusiva, con trabajo y oportunidades es posible si hacemos lo tenemos hacer\u201d, manifest\u00f3.<\/p>\n\n\n\n<p>Asimismo, agradeci\u00f3 a las quince listas de concejalas y concejales que acompa\u00f1an su candidatura a jefa comunal y marc\u00f3 la necesidad de que el Concejo vuelva a sesionar en los barrios. &#8220;Quiero agradecer a estas personas que no acompa\u00f1an con lealtad y compromiso prest\u00e1ndonos su voz. Somos resistencianos de distintos sectores, trabajadores, empresarios, emprendedores, religiosos, de los pueblos originarios, j\u00f3venes, profesionales, de distintos partidos pol\u00edticos, h\u00e9roes de Malvinas con ganas de construir juntos una ciudad mejor&#8221;, remarc\u00f3 la candidata.<\/p>\n\n\n\n<p>Adem\u00e1s, rescat\u00f3 el legado de Bettina V\u00e1squez y marc\u00f3 que los dirigentes del CER tienen claro que la pol\u00edtica es servir. &#8220;Nosotros tenemos la voluntad de servir al pr\u00f3jimo, porque seguimos el legado de nuestra querida Bettina V\u00e1squez que se militaba todos los d\u00edas por las mujeres costureras, por capacitar a las y los vecinos, por los comedores comunitarios, para que a cada ni\u00f1a o ni\u00f1o no le falte una copa leche. Por eso no vamos a tener una oficina en el municipio, nuestras oficinas van a estar en cada barrio de nuestra ciudad&#8221;, asever\u00f3.<\/p>\n\n\n\n<p>Construir un cambio real en la vida de la gente<\/p>\n\n\n\n<p>Por otra parte, Cuesta rescat\u00f3 las grandes obras que llev\u00f3 adelante el municipio y que representan un verdadero cambio en la vida de la gente. &#8220;Hay cosas que se hicieron muy bien, hoy tenemos una plaza central que es disfrute de todas y todos los vecinos y otras obras que representan una mejora en la vida de la gente, todas las pol\u00edticas buenas las vamos a mantener, pero nuestra impronta va a estar cerca de todas y todos los vecinos&#8221;, asegur\u00f3.<\/p>\n","protected":false},"excerpt":{"rendered":"<p>Ante una multitud de personas que colm\u00f3 las instalaciones del Centro de Convenciones Gala, el frente Corriente de Expresi\u00f3n Renovada (CER) present\u00f3 a sus precandidatas y precandidatos del \u00e1rea metropolitana para las Primarias Abiertas Simult\u00e1neas y Obligatorias (PASO). La candidata a intendenta de Resistencia, Eli Cuesta, convoc\u00f3 a recuperar la cercan\u00eda con el pueblo y [&hellip;]<\/p>\n","protected":false},"author":1,"featured_media":21911,"comment_status":"closed","ping_status":"closed","sticky":false,"template":"","format":"standard","meta":{"footnotes":""},"categories":[6],"tags":[202],"class_list":{"0":"post-21910","1":"post","2":"type-post","3":"status-publish","4":"format-standard","5":"has-post-thumbnail","7":"category-chaco","8":"tag-legislatura"},"_links":{"self":[{"href":"https:\/\/chacosintesis.com.ar\/index.php\/wp-json\/wp\/v2\/posts\/21910","targetHints":{"allow":["GET"]}}],"collection":[{"href":"https:\/\/chacosintesis.com.ar\/index.php\/wp-json\/wp\/v2\/posts"}],"about":[{"href":"https:\/\/chacosintesis.com.ar\/index.php\/wp-json\/wp\/v2\/types\/post"}],"author":[{"embeddable":true,"href":"https:\/\/chacosintesis.com.ar\/index.php\/wp-json\/wp\/v2\/users\/1"}],"replies":[{"embeddable":true,"href":"https:\/\/chacosintesis.com.ar\/index.php\/wp-json\/wp\/v2\/comments?post=21910"}],"version-history":[{"count":0,"href":"https:\/\/chacosintesis.com.ar\/index.php\/wp-json\/wp\/v2\/posts\/21910\/revisions"}],"wp:featuredmedia":[{"embeddable":true,"href":"https:\/\/chacosintesis.com.ar\/index.php\/wp-json\/wp\/v2\/media\/21911"}],"wp:attachment":[{"href":"https:\/\/chacosintesis.com.ar\/index.php\/wp-json\/wp\/v2\/media?parent=21910"}],"wp:term":[{"taxonomy":"category","embeddable":true,"href":"https:\/\/chacosintesis.com.ar\/index.php\/wp-json\/wp\/v2\/categories?post=21910"},{"taxonomy":"post_tag","embeddable":true,"href":"https:\/\/chacosintesis.com.ar\/index.php\/wp-json\/wp\/v2\/tags?post=21910"}],"curies":[{"name":"wp","href":"https:\/\/api.w.org\/{rel}","templated":true}]}}