{"id":21893,"date":"2023-05-20T11:55:41","date_gmt":"2023-05-20T14:55:41","guid":{"rendered":"https:\/\/chacosintesis.com.ar\/?p=21893"},"modified":"2023-05-20T12:06:56","modified_gmt":"2023-05-20T15:06:56","slug":"capitanich-defendamos-el-campo-las-familias-rurales-y-la-produccion","status":"publish","type":"post","link":"https:\/\/chacosintesis.com.ar\/index.php\/capitanich-defendamos-el-campo-las-familias-rurales-y-la-produccion\/","title":{"rendered":"Capitanich: \u201cDefendamos el campo, las familias rurales y la producci\u00f3n\u201d"},"content":{"rendered":"<p>El gobernador remarc\u00f3 la importancia de \u201cproducir lo que consumimos y consumir lo que producimos\u201d en la provincia. Se trat\u00f3 de un nuevo encuentro sectorial junto a precandidatos y precandidatas del Frente Chaque\u00f1o con consorcios de ladrilleros y  agricultores familiares.<br \/>\n Este viernes centenares de personas de consorcios de ladrilleros, agricultores familiares y distintas agrupaciones sociales se acercaron al predio de la Ferichaco, en la ciudad de S\u00e1enz Pe\u00f1a, para participar del Congreso de Agricultura Familiar del Frente Chaque\u00f1o. All\u00ed, el Gobernador Jorge Milton Capitanich expuso los avances para este sector en la provincia y adelant\u00f3 los desaf\u00edos que se plantean para el futuro de cara al Plan quinquenal 2023 -2027.<br \/>\n\u201cDefendamos el campo, a las familias rurales, el arraigo, la producci\u00f3n, el ambiente. Defendamos este proyecto y esta propuesta. Por eso ladrilleros y agricultura familiar, todos juntos a seguir produciendo por un gran logro en los pr\u00f3ximos cinco a\u00f1os\u201d, expres\u00f3 el gobernador y precandidato a renovar su cargo.<br \/>\nActualmente la provincia del Chaco cuenta con 7.600 agricultores familiares nucleados aproximadamente en 105 consorcios, los cuales acceden a herramientas y un sistema de tractores mediante aportes provinciales. El objetivo es fortalecer la provisi\u00f3n de herramientas para aumentar la producci\u00f3n y garantizar el acceso a la tierra mediante la entrega de t\u00edtulos de propiedad, como as\u00ed pol\u00edticas de vivienda rural, y acceso a recursos h\u00eddricos.<br \/>\nEs por eso que uno de los puntos del Plan Chaco 2030 est\u00e1 relacionado con la entrega de t\u00edtulos de propiedad a quienes producen, considerando que \u201cla tierra debe ser para quien la trabaja\u201d, asegur\u00f3 Capitanich, quien destac\u00f3 que en sus gestiones ya se alcanzaron los 5.700 t\u00edtulos entregados.<br \/>\n\u201cNosotros queremos que quienes ejercen la agricultura familiar vivan dignamente del fruto de su trabajo, y el desarrollo ecol\u00f3gico sustentable es lo que nos va a permitir lograrlo\u201d, subray\u00f3 Capitanich. \u201cNo queremos que malvendan sus tierras, no queremos que sea un pasamano de grandes terratenientes que quieran explotar a los productores de la agricultura familiar\u201d.<br \/>\nEl gobernador destac\u00f3 adem\u00e1s la importancia de ampliar la producci\u00f3n local de alimentos saludables y de buena calidad, \u201cque permitan definitivamente conectar la oferta y la demanda\u201d a trav\u00e9s de mercados populares. \u201cCon el objetivo de que todo lo que ustedes produzcan puedan venderlo de un modo transparente en los pueblos para resolver un problema que existe en la econom\u00eda argentina. Los productores, ustedes, se quejan porque le pagan poco y los consumidores se quejan porque pagan caro lo que consumen\u201d, explic\u00f3.<br \/>\nEntre los presentes estuvo la precandidata y actual vicegobernadora Anal\u00eda Rach Quiroga, la precandidata a intendenta de S\u00e1enz Pe\u00f1a, Luisana Lita, junto con los precandidatos a diputados Santiago P\u00e9rez Pons, actual ministro de Planificaci\u00f3n, Econom\u00eda e Infraestructura de Chaco y P\u00eda Chiacchio Cavana, actual ministra de Desarrollo Social, junto al titular de IAFEP, Mauricio Andi\u00f3n, el intendente de Machagai, Juan Manuel Garc\u00eda, el intendente de Castelli, P\u00edo Sander, adem\u00e1s de representantes de ladrilleros y de las mesas de Huertas.<br \/>\nDe cara a una pr\u00f3xima gesti\u00f3n, se buscar\u00e1 profundizar el fortalecimiento del sector rural priorizando el acceso a la salud, a la educaci\u00f3n rural, el trazado de caminos, el desarrollo de 15 mercados regionales y una central agroalimentaria, y obras de electrificaci\u00f3n rural.<br \/>\nLadrilleros: el objetivo es ampliar la producci\u00f3n<br \/>\nEl gobernador se dirigi\u00f3 en particular a las y los integrantes de consorcios ladrilleros all\u00ed reunidos, y record\u00f3 la historia de vida de una trabajadora de Campo Largo, \u201cquien cri\u00f3 a sus hijos a partir del trabajo en ladrillera, hoy son universitarios y ella un ejemplo de vida\u201d, expres\u00f3. Y enfatiz\u00f3: \u201cLa dignidad del trabajo y el esfuerzo debe ser acompa\u00f1ada con la capacidad de organizaci\u00f3n del Estado\u201d.<br \/>\nPor otra parte, Capitanich destac\u00f3 la propuesta (incluida en el Plan Quinquenal) de impulsar construcciones de ladrillo en cada uno de los municipios para ampliar la demanda y garantizar ingresos regulares al sector.<br \/>\nA partir de este acuerdo se deben lograr ciertos objetivos, el primero es el compromiso de los Intendentes e Intendentas y tambi\u00e9n de financiamiento al Estado de crear demanda.<br \/>\nEl segundo es la mecanizaci\u00f3n del proceso productivo, es decir, la sustituci\u00f3n de la tracci\u00f3n a sangre por tracci\u00f3n mec\u00e1nica en forma progresiva. La idea central es lograr que entre 15, 30 y 45 tractores usados puedan ser volcados a los consorcios ladrilleros para que puedan sustituir la tracci\u00f3n a sangre y aumentar la productividad. El objetivo: producir 100 millones de ladrillos por mes y lograr un nivel de ingresos que permita el acceso a un sistema de cobertura social.<br \/>\nCapitanich adem\u00e1s record\u00f3 las palabras de Juan Domingo Per\u00f3n, \u2018tenemos que producir lo que consumimos y tenemos que consumir lo que producimos\u2019 que se traslada al plan de acci\u00f3n que se present\u00f3 en esta oportunidad y que viene acompa\u00f1ando con vistas a una nueva gesti\u00f3n. En este sentido y refiri\u00e9ndose a la oposici\u00f3n aclar\u00f3 que \u201clos que siempre hablaron van a seguir hablando. Nosotros, que siempre hicimos, tenemos que seguir haciendo\u201d.<\/p>\n","protected":false},"excerpt":{"rendered":"<p>El gobernador remarc\u00f3 la importancia de \u201cproducir lo que consumimos y consumir lo que producimos\u201d en la provincia. Se trat\u00f3 de un nuevo encuentro sectorial junto a precandidatos y precandidatas del Frente Chaque\u00f1o con consorcios de ladrilleros y agricultores familiares. Este viernes centenares de personas de consorcios de ladrilleros, agricultores familiares y distintas agrupaciones sociales [&hellip;]<\/p>\n","protected":false},"author":1,"featured_media":21894,"comment_status":"closed","ping_status":"closed","sticky":false,"template":"","format":"standard","meta":{"footnotes":""},"categories":[6],"tags":[],"class_list":{"0":"post-21893","1":"post","2":"type-post","3":"status-publish","4":"format-standard","5":"has-post-thumbnail","7":"category-chaco"},"_links":{"self":[{"href":"https:\/\/chacosintesis.com.ar\/index.php\/wp-json\/wp\/v2\/posts\/21893","targetHints":{"allow":["GET"]}}],"collection":[{"href":"https:\/\/chacosintesis.com.ar\/index.php\/wp-json\/wp\/v2\/posts"}],"about":[{"href":"https:\/\/chacosintesis.com.ar\/index.php\/wp-json\/wp\/v2\/types\/post"}],"author":[{"embeddable":true,"href":"https:\/\/chacosintesis.com.ar\/index.php\/wp-json\/wp\/v2\/users\/1"}],"replies":[{"embeddable":true,"href":"https:\/\/chacosintesis.com.ar\/index.php\/wp-json\/wp\/v2\/comments?post=21893"}],"version-history":[{"count":0,"href":"https:\/\/chacosintesis.com.ar\/index.php\/wp-json\/wp\/v2\/posts\/21893\/revisions"}],"wp:featuredmedia":[{"embeddable":true,"href":"https:\/\/chacosintesis.com.ar\/index.php\/wp-json\/wp\/v2\/media\/21894"}],"wp:attachment":[{"href":"https:\/\/chacosintesis.com.ar\/index.php\/wp-json\/wp\/v2\/media?parent=21893"}],"wp:term":[{"taxonomy":"category","embeddable":true,"href":"https:\/\/chacosintesis.com.ar\/index.php\/wp-json\/wp\/v2\/categories?post=21893"},{"taxonomy":"post_tag","embeddable":true,"href":"https:\/\/chacosintesis.com.ar\/index.php\/wp-json\/wp\/v2\/tags?post=21893"}],"curies":[{"name":"wp","href":"https:\/\/api.w.org\/{rel}","templated":true}]}}