{"id":21853,"date":"2023-05-18T22:20:11","date_gmt":"2023-05-19T01:20:11","guid":{"rendered":"https:\/\/chacosintesis.com.ar\/?p=21853"},"modified":"2023-05-18T22:36:52","modified_gmt":"2023-05-19T01:36:52","slug":"casi-900-vecinos-del-sudoeste-recibieron-sus-jubilaciones-por-la-nueva-ley-de-moratoria","status":"publish","type":"post","link":"https:\/\/chacosintesis.com.ar\/index.php\/casi-900-vecinos-del-sudoeste-recibieron-sus-jubilaciones-por-la-nueva-ley-de-moratoria\/","title":{"rendered":"Casi 900 vecinos del sudoeste recibieron sus jubilaciones por la nueva ley de moratoria"},"content":{"rendered":"<p>A trav\u00e9s de la Anses, oficializ\u00f3 el acceso a beneficios jubilatorios a 899 chaque\u00f1os y chaque\u00f1as. Luego, habilit\u00f3 oficinas y nuevos equipamientos de la firma N&#038;C Textil y Energ\u00eda Solar, logrados mediante las promociones industriales y l\u00edneas de cr\u00e9dito impulsadas por el gobierno provincial, por m\u00e1s de 80 millones de pesos.<br \/>\nEn el marco de una amplia agenda de actividades en el sudoeste provincial, en Las Bre\u00f1as, el gobernador Jorge Capitanich y la vicegobernadora Anal\u00eda Rach Quiroga, inauguraron las nuevas oficinas y el nuevo equipamiento de la empresa N&#038;C Textil y Energ\u00eda Solar, adquirido gracias a las Promociones Industriales y l\u00edneas de cr\u00e9ditos impulsadas por el Gobierno Provincial con una inversi\u00f3n de 85 millones de pesos.<br \/>\nPreviamente, participaron del operativo \u201cEntrega de Jubilaci\u00f3n- Nueva Ley de Moratoria\u201d de ANSES que beneficiar\u00e1 a 899 chaque\u00f1os y chaque\u00f1as de la regi\u00f3n del Sudoeste Chaque\u00f1o. Adem\u00e1s, el mandatario provincial visit\u00f3 un campo dedicado a la producci\u00f3n algodonera en la zona rural de Charata.<\/p>\n<p>Nuevas inauguraciones en N&#038;C Textil y Energ\u00eda Solar<br \/>\n\u201cEsta empresa ha tenido un crecimiento de forma sistem\u00e1tica y reiterada, que cont\u00f3 con una fuerte inversi\u00f3n\u201d, dijo Capitanich acompa\u00f1ado en la inauguraci\u00f3n por el ministro de Producci\u00f3n, Industria y Empleo, Sebasti\u00e1n Lifton y destacando las potencialidades de esta empresa, que fabrica cobertores para fardos de fibra de algod\u00f3n y elaboraci\u00f3n de insumos hospitalarios textiles. Actualmente, abastece casi el 90% de insumos hospitalarios textiles con marca propia \u201cEld Hidrofila\u201d, al Ministerio de Salud P\u00fablica y otros centros privados.<br \/>\nEn el predio de la industria, que cuenta con una capacidad de 340 metros cuadrados, se inaugur\u00f3 la sala de administraci\u00f3n, la direcci\u00f3n, gerencia, sala de reuniones, cocina, ba\u00f1os y un patio interno. La obra se ejecut\u00f3 con una inversi\u00f3n de 25 millones de pesos, donde el 70% se financi\u00f3 con el cr\u00e9dito fiscal obtenido por las Promociones Industriales. Tambi\u00e9n, se instal\u00f3 el equipo de energ\u00edas limpias y renovables: energ\u00eda fotovoltaica, paneles solares y equipos de energ\u00eda t\u00e9rmica con termotanques solares, adquiridas por una inversi\u00f3n de 10 millones de pesos, obtenidos a trav\u00e9s de la l\u00ednea de cr\u00e9dito del Fondo de Desarrollo Industrial, con tasa subsidiada al 9,9%.<br \/>\nLa empresa proyecta una inversi\u00f3n de 50 millones de pesos, financiado a trav\u00e9s del Fondo de Desarrollo Industrial, con tasa subsidiada al 15%, para la puesta en marcha de la producci\u00f3n de hilander\u00eda, que permitir\u00e1 elaborar su propia materia con fibras de algod\u00f3n seleccionadas de la regi\u00f3n, sumando para ello 8 operarios m\u00e1s.<br \/>\n\u201cEn el Chaco a trav\u00e9s de la red hospitalaria, somos muy demandantes de productos de esta naturaleza\u201d dijo Capitanich y \u201csi lo producimos localmente, es mucho mejor porque genera empleo privado formal y logra el abaratamiento de costos de fletes\u201d dijo el gobernador, quien celebrando el crecimiento de la empresa, destac\u00f3: \u201cEllos nos permiten contar con insumos de muy buena calidad, a buen precio y seguramente a futuro, tendr\u00e1n m\u00e1s esquemas de desarrollo\u201d.<br \/>\nA su turno, Lifton se\u00f1al\u00f3 que es \u201cun orgullo acompa\u00f1ar a empresarios y empresarias del interior de la provincia, en la instalaci\u00f3n de nuevas plantas industriales\u201d dijo. Cuando se ponen en marcha beneficios, esquemas de financiamiento, incentivos, bonificaciones, \u201cse le est\u00e1 dando valor agregado y proceso a esos recursos naturales y a esas materias primas y nuestro acompa\u00f1amiento y compromiso es permanente\u201d, enumer\u00f3 el ministro.<br \/>\nEl titular de la firma, Edgardo Dziuma, acompa\u00f1ado por sus socios Cirilo Miramik y N\u00e9lida Ya\u00f1uk, destac\u00f3 \u201cel acompa\u00f1amiento del Gobierno, con sus beneficios para la industria es un orgullo\u201d dijo, destacando que en la actualidad llegan a elaborar 200.000 kilogramos de gasas con proyecci\u00f3n a duplicarlo. \u201cGracias al Estado que est\u00e1 presente y por habernos acompa\u00f1ado para que esto se haga realidad\u201d, finaliz\u00f3 el empresario.<\/p>\n<p>Entrega de jubilaciones de la ANSES<br \/>\nJunto al director regional de la Anses, Agust\u00edn Alem\u00e1n, el gobernador entreg\u00f3 beneficios a vecinos y vecinas de Las Bre\u00f1as, (213), Charata (178), General Pinedo (90) y Presidencia Roque S\u00e1enz Pe\u00f1a (418), quienes se jubilaron con el Plan de Pago de la Deuda Previsional, gracias a la Nueva Ley de Moratoria y percibir\u00e1n su primer haber en junio de 2023. Gracias a esta ley, se establece un plan de pago para las personas que tienen edad de jubilarse pero no cuentan con los 30 a\u00f1os de servicios. Chaco lleva iniciados 2.893 expedientes.<br \/>\n\u201cEstamos muy contentos porque esto es garantizar un derecho social y previsional. Nos sentimos orgullosos de haberlo logrado\u201d, dijo Capitanich tras las entregas y remarc\u00f3 que hay un programa, desde abril de 3.500 jubilados y jubiladas y 11.000 tr\u00e1mites en distintos procesos de ejecuci\u00f3n.<br \/>\nA su turno, Aleman celebr\u00f3 esta jornada que permite \u201cponer en andamiaje todo lo que tiene que ver con los derechos que tiene uno cuando se jubila\u201d. Rescat\u00f3 lo \u201cemocionante\u201d de dar respuesta a algunos casos, con muchos intentos fallidos por acceder al beneficio y destac\u00f3 tambi\u00e9n \u201cla posibilidad que tenemos de poder salir al territorio\u201d. \u201cCon operativos de jubilaciones en toda la provincia, por primera vez la Anses est\u00e1 jubilando afuera de una oficina\u201d, sostuvo. De esta forma, \u201cpudimos encontrar esa sinergia que nos permiti\u00f3 estar m\u00e1s cerca y en todos los lugares\u201d.<br \/>\nParticiparon los intendentes de Corzuela (Rafael Carrara), Hermoso Campo (Di\u00f3genes Requena), General Pinedo (Franco Ciucci), Charata (Alejandra Campos), Gancedo (Adriana Stachiotti); el subsecretario de Empleo, Lucas Cepeda; el delegado de PAMI, Fernando Canteros; la diputada nacional Mar\u00eda Luisa Chomiak, el diputado provincial Nicol\u00e1s Slimel, el coordinador regional, Maximiliano M\u00e1ntaras, funcionarios municipales.<\/p>\n<p><<a href=\"http:\/\/www.avg.com\/email-signature?utm_medium=email&#038;utm_source=link&#038;utm_campaign=sig-email&#038;utm_content=webmail\">www.avg.com\/email-signature?utm_medium=email&amp;utm_source=link&amp;utm_campaign=sig-email&amp;utm_content=webmail<\/a>> Libre de virus.www.avg.com <<a href=\"http:\/\/www.avg.com\/email-signature?utm_medium=email&#038;utm_source=link&#038;utm_campaign=sig-email&#038;utm_content=webmail\">www.avg.com\/email-signature?utm_medium=email&amp;utm_source=link&amp;utm_campaign=sig-email&amp;utm_content=webmail<\/a>> <#DAB4FAD8-2DD7-40BB-A1B8-4E2AA1F9FDF2><\/p>\n","protected":false},"excerpt":{"rendered":"<p>A trav\u00e9s de la Anses, oficializ\u00f3 el acceso a beneficios jubilatorios a 899 chaque\u00f1os y chaque\u00f1as. Luego, habilit\u00f3 oficinas y nuevos equipamientos de la firma N&#038;C Textil y Energ\u00eda Solar, logrados mediante las promociones industriales y l\u00edneas de cr\u00e9dito impulsadas por el gobierno provincial, por m\u00e1s de 80 millones de pesos. En el marco de [&hellip;]<\/p>\n","protected":false},"author":1,"featured_media":21854,"comment_status":"closed","ping_status":"closed","sticky":false,"template":"","format":"standard","meta":{"footnotes":""},"categories":[6],"tags":[],"class_list":{"0":"post-21853","1":"post","2":"type-post","3":"status-publish","4":"format-standard","5":"has-post-thumbnail","7":"category-chaco"},"_links":{"self":[{"href":"https:\/\/chacosintesis.com.ar\/index.php\/wp-json\/wp\/v2\/posts\/21853","targetHints":{"allow":["GET"]}}],"collection":[{"href":"https:\/\/chacosintesis.com.ar\/index.php\/wp-json\/wp\/v2\/posts"}],"about":[{"href":"https:\/\/chacosintesis.com.ar\/index.php\/wp-json\/wp\/v2\/types\/post"}],"author":[{"embeddable":true,"href":"https:\/\/chacosintesis.com.ar\/index.php\/wp-json\/wp\/v2\/users\/1"}],"replies":[{"embeddable":true,"href":"https:\/\/chacosintesis.com.ar\/index.php\/wp-json\/wp\/v2\/comments?post=21853"}],"version-history":[{"count":0,"href":"https:\/\/chacosintesis.com.ar\/index.php\/wp-json\/wp\/v2\/posts\/21853\/revisions"}],"wp:featuredmedia":[{"embeddable":true,"href":"https:\/\/chacosintesis.com.ar\/index.php\/wp-json\/wp\/v2\/media\/21854"}],"wp:attachment":[{"href":"https:\/\/chacosintesis.com.ar\/index.php\/wp-json\/wp\/v2\/media?parent=21853"}],"wp:term":[{"taxonomy":"category","embeddable":true,"href":"https:\/\/chacosintesis.com.ar\/index.php\/wp-json\/wp\/v2\/categories?post=21853"},{"taxonomy":"post_tag","embeddable":true,"href":"https:\/\/chacosintesis.com.ar\/index.php\/wp-json\/wp\/v2\/tags?post=21853"}],"curies":[{"name":"wp","href":"https:\/\/api.w.org\/{rel}","templated":true}]}}