{"id":21847,"date":"2023-05-18T22:11:29","date_gmt":"2023-05-19T01:11:29","guid":{"rendered":"https:\/\/chacosintesis.com.ar\/?p=21847"},"modified":"2023-05-18T22:36:50","modified_gmt":"2023-05-19T01:36:50","slug":"rindes-notables-del-algodon-en-el-sudoeste-vuelven-a-fortalecer-la-produccion-emblema-del-chaco","status":"publish","type":"post","link":"https:\/\/chacosintesis.com.ar\/index.php\/rindes-notables-del-algodon-en-el-sudoeste-vuelven-a-fortalecer-la-produccion-emblema-del-chaco\/","title":{"rendered":"Rindes \u201cnotables\u201d del algod\u00f3n en el sudoeste vuelven a fortalecer la producci\u00f3n emblema del Chaco"},"content":{"rendered":"<p>El gobernador visit\u00f3 obras que lleva adelante la empresa Xima y recorri\u00f3 un campo algodonero del grupo Talar en plena recolecci\u00f3n. \u201cTenemos esta firme convicci\u00f3n de seguir acompa\u00f1ando a cada productor algodonero y sostener la producci\u00f3n en nuestra provincia\u201d, resalt\u00f3.<br \/>\nEn la actual campa\u00f1a, la provincia del Chaco volver\u00e1 a superar las 200.000 hect\u00e1reas cosechadas de algod\u00f3n, en una campa\u00f1a que tuvo lotes como uno ubicado en Charata, de m\u00e1s de 1000 hect\u00e1reas y que actualmente est\u00e1 en plena recolecci\u00f3n. As\u00ed lo reflej\u00f3 el gobernador Jorge Capitanich tras recorrer ese campo junto a trabajadores y propietarios, en una visita que incluy\u00f3 tambi\u00e9n ver avances de obras que desarrolla el grupo Xima.<br \/>\n\u201cEn Charata recorrimos el lote de algod\u00f3n de los grupos Xima y Talar, que cuenta con m\u00e1s de 1000 hect\u00e1reas de algod\u00f3n con rendimientos notables que implican un gran desarrollo en la actividad econ\u00f3mica y la generaci\u00f3n de empleo de la provincia\u201d, cont\u00f3 el mandatario en sus redes sociales, quien estuvo acompa\u00f1ado por el ministro de Producci\u00f3n, Industria y Empleo, Sebasti\u00e1n Lifton; la diputada nacional Mar\u00eda Luisa Chomiak; la empresaria Maril\u00edn Giraudo y el productor Daniel Kempe.<br \/>\nXima una empresa con base en Charata, que brinda servicios de asesor\u00eda en finanzas de dise\u00f1o, desarrollo de proyectos, tributaria y fiscal, auditor\u00edas, consultor\u00edas nacionales e internacionales, entre otros servicios. Mientras que Talar es un grupo agropecuario con actividad en la regi\u00f3n.<br \/>\nCapitanich destac\u00f3 que \u201cel algod\u00f3n est\u00e1 volviendo a superar las 200.000 hect\u00e1reas\u201d en el Chaco, \u201cpotenciando una cadena de valor que forma parte de las 20 prioritarias\u201d dise\u00f1adas por el gobierno provincial.<br \/>\nAl respecto, resalt\u00f3 que \u201ccon la aplicaci\u00f3n de tecnolog\u00eda, nuevos avances en semillas y el trabajo que se viene realizando en conjunto con el INTA a trav\u00e9s de la inversi\u00f3n en innovaci\u00f3n y desarrollo, se fortalece la base de una de las principales industrias que tiene la provincia, que es la textil\u201d.<br \/>\nEn esa l\u00ednea, valor\u00f3 la integraci\u00f3n de la cadena textil lograda en la provincia: \u201cEs un gran ejemplo de c\u00f3mo completar una cadena de valor desde el capullo de algod\u00f3n que se est\u00e1 cosechando aqu\u00ed donde se obtiene fibra, hilos y tejidos para luego confeccionar prendas de vestir.<br \/>\n\u201cDe eso se trata una cadena de valor y es por eso que tenemos esta firme convicci\u00f3n de seguir acompa\u00f1ando a cada productor algodonero y sostener la producci\u00f3n en nuestra provincia\u201d, resalt\u00f3 finalmente.<br \/>\n Antes de la recorrida por el campo algodonero, el mandatario visit\u00f3 en Charata las instalaciones de la firma Xima, donde se est\u00e1n realizando obras de ampliaci\u00f3n que promover\u00e1n nuevos emprendimientos y m\u00e1s empleo para chaque\u00f1os y chaque\u00f1as.<br \/>\n <<a href=\"http:\/\/www.avg.com\/email-signature?utm_medium=email&#038;utm_source=link&#038;utm_campaign=sig-email&#038;utm_content=webmail\">www.avg.com\/email-signature?utm_medium=email&amp;utm_source=link&amp;utm_campaign=sig-email&amp;utm_content=webmail<\/a>> Libre de virus.www.avg.com <<a href=\"http:\/\/www.avg.com\/email-signature?utm_medium=email&#038;utm_source=link&#038;utm_campaign=sig-email&#038;utm_content=webmail\">www.avg.com\/email-signature?utm_medium=email&amp;utm_source=link&amp;utm_campaign=sig-email&amp;utm_content=webmail<\/a>> <#DAB4FAD8-2DD7-40BB-A1B8-4E2AA1F9FDF2><\/p>\n","protected":false},"excerpt":{"rendered":"<p>El gobernador visit\u00f3 obras que lleva adelante la empresa Xima y recorri\u00f3 un campo algodonero del grupo Talar en plena recolecci\u00f3n. \u201cTenemos esta firme convicci\u00f3n de seguir acompa\u00f1ando a cada productor algodonero y sostener la producci\u00f3n en nuestra provincia\u201d, resalt\u00f3. En la actual campa\u00f1a, la provincia del Chaco volver\u00e1 a superar las 200.000 hect\u00e1reas cosechadas [&hellip;]<\/p>\n","protected":false},"author":1,"featured_media":21848,"comment_status":"closed","ping_status":"closed","sticky":false,"template":"","format":"standard","meta":{"footnotes":""},"categories":[6],"tags":[],"class_list":{"0":"post-21847","1":"post","2":"type-post","3":"status-publish","4":"format-standard","5":"has-post-thumbnail","7":"category-chaco"},"_links":{"self":[{"href":"https:\/\/chacosintesis.com.ar\/index.php\/wp-json\/wp\/v2\/posts\/21847","targetHints":{"allow":["GET"]}}],"collection":[{"href":"https:\/\/chacosintesis.com.ar\/index.php\/wp-json\/wp\/v2\/posts"}],"about":[{"href":"https:\/\/chacosintesis.com.ar\/index.php\/wp-json\/wp\/v2\/types\/post"}],"author":[{"embeddable":true,"href":"https:\/\/chacosintesis.com.ar\/index.php\/wp-json\/wp\/v2\/users\/1"}],"replies":[{"embeddable":true,"href":"https:\/\/chacosintesis.com.ar\/index.php\/wp-json\/wp\/v2\/comments?post=21847"}],"version-history":[{"count":0,"href":"https:\/\/chacosintesis.com.ar\/index.php\/wp-json\/wp\/v2\/posts\/21847\/revisions"}],"wp:featuredmedia":[{"embeddable":true,"href":"https:\/\/chacosintesis.com.ar\/index.php\/wp-json\/wp\/v2\/media\/21848"}],"wp:attachment":[{"href":"https:\/\/chacosintesis.com.ar\/index.php\/wp-json\/wp\/v2\/media?parent=21847"}],"wp:term":[{"taxonomy":"category","embeddable":true,"href":"https:\/\/chacosintesis.com.ar\/index.php\/wp-json\/wp\/v2\/categories?post=21847"},{"taxonomy":"post_tag","embeddable":true,"href":"https:\/\/chacosintesis.com.ar\/index.php\/wp-json\/wp\/v2\/tags?post=21847"}],"curies":[{"name":"wp","href":"https:\/\/api.w.org\/{rel}","templated":true}]}}