{"id":21837,"date":"2023-05-18T21:57:17","date_gmt":"2023-05-19T00:57:17","guid":{"rendered":"https:\/\/chacosintesis.com.ar\/?p=21837"},"modified":"2023-05-18T22:06:40","modified_gmt":"2023-05-19T01:06:40","slug":"el-centro-de-desarrollo-tecnologico-de-la-madera-recibira-inversiones-y-equipamiento-para-optimizar-calidad-y-productividad","status":"publish","type":"post","link":"https:\/\/chacosintesis.com.ar\/index.php\/el-centro-de-desarrollo-tecnologico-de-la-madera-recibira-inversiones-y-equipamiento-para-optimizar-calidad-y-productividad\/","title":{"rendered":"El Centro de Desarrollo Tecnol\u00f3gico de la Madera recibir\u00e1 inversiones y equipamiento para optimizar calidad y productividad"},"content":{"rendered":"<p>En una recorrida por el Cedetema, el gobernador Jorge Capitanich destac\u00f3 la importancia de la tecnolog\u00eda puesta al servicio de la industria maderera. En ese marco, adelant\u00f3 que el 24 de mayo, junto al ministro Juan Cabandi\u00e9, entregar\u00e1n 5 encuadradoras telesc\u00f3picas y 25 tableros.<br \/>\nEl gobernador Jorge Capitanich recorri\u00f3, en Machagai, las instalaciones del Centro de Desarrollo Tecnol\u00f3gico de la Madera (CEDETEMA), en donde anunci\u00f3 que la pr\u00f3xima semana se concretar\u00e1 la entrega de maquinarias y elementos destinados a optimizar la calidad y la productividad del sector maderero que all\u00ed se desarrolla.<br \/>\n\u201cEl pr\u00f3ximo 24 de mayo, junto al ministro (de Ambiente y Desarrollo Sostenible de Naci\u00f3n) Juan Cabandi\u00e9 vamos a estar entregando 5 encuadradoras y 25 tableros que permitir\u00e1n elevar la calidad del trabajo que realiza los carpinteros y madereros del lugar\u201d, se\u00f1al\u00f3 el gobernador, quien estuvo acompa\u00f1ado del intendente Juan Manuel Garc\u00eda; y el ministro de Producci\u00f3n Industria y Empleo, Sebasti\u00e1n Lifton.<br \/>\n\u201cEste Centro de Desarrollo Tecnol\u00f3gico de la Madera es un orgullo, Junto a Veta Noble y Chac\u00fa, tienen un sal\u00f3n de comercializaci\u00f3n de muebles de muy buena calidad a trav\u00e9s de un programa de optimizaci\u00f3n\u201d, destac\u00f3 el gobernador. El 24 de mayo se entregar\u00e1 a cinco beneficiarios un kit compuesto por una encuadradora telesc\u00f3pica, un taladro de mano, un taladro de banco, un taladro de mano con percutor, una clavadora neum\u00e1tica y ocho prensas de mano. La inversi\u00f3n total ser\u00e1 de casi 18 millones de pesos y se enmarca en el proyecto de Promoci\u00f3n de la Carpinter\u00eda Modelo. \u201cEl secadero tambi\u00e9n tiene una contribuci\u00f3n extraordinaria en cinco etapas para el mejoramiento y la optimizaci\u00f3n del uso de la madera\u201d, explic\u00f3 Capitanich.<br \/>\nAdem\u00e1s, el mandatario destac\u00f3 que con la entrega se podr\u00e1 optimizar, adem\u00e1s de la producci\u00f3n, el ingreso de los carpinteros. \u201cLo que nosotros hemos hecho es desarrollar un plan de inversiones para los parques industriales, para pavimento urbano y para dotar de infraestructura social b\u00e1sica\u201d, dijo.<br \/>\nAsimismo, expres\u00f3 que la inversi\u00f3n, sumado a la transferencia de tecnolog\u00edas, mejora en la productividad, y capacitaci\u00f3n redundar\u00e1 en beneficios para cada carpintero. \u201cEs muy importante todo lo que se hace porque tenemos cerca de 10.000 trabajadores en forma directa, indirecta, formales o informales que viven de la madera y que generan una cadena productiva y obviamente para Machagai eso es muy importante\u201d, dijo.<br \/>\nEl proyecto se financia a trav\u00e9s del Programa Nacional de Protecci\u00f3n de los Bosques Nativos de la Direcci\u00f3n Nacional de Bosques del Ministerio de Ambiente de la Naci\u00f3n con el objeto de apoyar la innovaci\u00f3n tecnol\u00f3gica aplicada a los procesos productivos. La inversi\u00f3n permitir\u00e1 el ensamble de muebles en base a tableros alistonados, que hasta el momento se realizaban de manera tradicional, los que ser\u00e1n proporcionados desde el Cedetema.<br \/>\nAdem\u00e1s, el mandatario destac\u00f3 los beneficios de la Ley 26.331 de presupuesto para la producci\u00f3n de bosques nativos, norma que surgi\u00f3 en su etapa de Senador Nacional, que se adhiere adem\u00e1s a un r\u00e9gimen de corresponsabilidad gremial que beneficie a los trabajadores a partir de la ley 26.940 impulsada en su paso por la jefatura de Gabinete de Ministros \u201cya que de otra manera, los carpinteros estaban trabajando en la informalidad o no iban a poder trabajar o quebraban, a partir de este marco regulatorio, la verdad que los incentivos son muy buenos.<br \/>\nDe la recorrida tambi\u00e9n participaron el subsecretario de Desarrollo Forestal, Luciano Olivares; la directora de Certificaci\u00f3n y Competitividad de la Subsecretar\u00eda de Desarrollo Forestal,Noelia Ordenav\u00eda; la directora de Medios P\u00fablicos, Guillermina Capitanich; y el diputado provincial, Nicol\u00e1s Slimel.<br \/>\nEl sector maderero y el crecimiento del empleo formal<br \/>\nDurante la recorrida, el gobernador destac\u00f3 el crecimiento del empleo formal en la provincia, entre ellos en el sector productivo en general. \u201cHemos liderado la generaci\u00f3n de empleo privado formal en la Rep\u00fablica Argentina durante todo este tiempo. Ya hemos superado ya 101.390 empleos privados formales, pero a su vez tambi\u00e9n tenemos efectivamente cerca de 534.000 trabajadores y trabajadoras\u201d, se\u00f1al\u00f3.<br \/>\nEn ese marco, el gran desaf\u00edo es seguir reduciendo la informalidad laboral. \u201cAs\u00ed como la tasa de desempleo que era cerca del 9%, se redujo ahora al 4% y probablemente se ubique en 3%, la idea central es ver reducir la informalidad laboral por lo menos al 30% y generar los mecanismos para la mejor cobertura, y estamos trabajando para cumplir con la meta propuesta\u201d, destac\u00f3.<br \/>\n<<a href=\"http:\/\/www.avg.com\/email-signature?utm_medium=email&#038;utm_source=link&#038;utm_campaign=sig-email&#038;utm_content=webmail\">www.avg.com\/email-signature?utm_medium=email&amp;utm_source=link&amp;utm_campaign=sig-email&amp;utm_content=webmail<\/a>> Libre de virus.www.avg.com <<a href=\"http:\/\/www.avg.com\/email-signature?utm_medium=email&#038;utm_source=link&#038;utm_campaign=sig-email&#038;utm_content=webmail\">www.avg.com\/email-signature?utm_medium=email&amp;utm_source=link&amp;utm_campaign=sig-email&amp;utm_content=webmail<\/a>> <#DAB4FAD8-2DD7-40BB-A1B8-4E2AA1F9FDF2><\/p>\n","protected":false},"excerpt":{"rendered":"<p>En una recorrida por el Cedetema, el gobernador Jorge Capitanich destac\u00f3 la importancia de la tecnolog\u00eda puesta al servicio de la industria maderera. En ese marco, adelant\u00f3 que el 24 de mayo, junto al ministro Juan Cabandi\u00e9, entregar\u00e1n 5 encuadradoras telesc\u00f3picas y 25 tableros. El gobernador Jorge Capitanich recorri\u00f3, en Machagai, las instalaciones del Centro [&hellip;]<\/p>\n","protected":false},"author":1,"featured_media":21838,"comment_status":"closed","ping_status":"closed","sticky":false,"template":"","format":"standard","meta":{"footnotes":""},"categories":[6],"tags":[],"class_list":{"0":"post-21837","1":"post","2":"type-post","3":"status-publish","4":"format-standard","5":"has-post-thumbnail","7":"category-chaco"},"_links":{"self":[{"href":"https:\/\/chacosintesis.com.ar\/index.php\/wp-json\/wp\/v2\/posts\/21837","targetHints":{"allow":["GET"]}}],"collection":[{"href":"https:\/\/chacosintesis.com.ar\/index.php\/wp-json\/wp\/v2\/posts"}],"about":[{"href":"https:\/\/chacosintesis.com.ar\/index.php\/wp-json\/wp\/v2\/types\/post"}],"author":[{"embeddable":true,"href":"https:\/\/chacosintesis.com.ar\/index.php\/wp-json\/wp\/v2\/users\/1"}],"replies":[{"embeddable":true,"href":"https:\/\/chacosintesis.com.ar\/index.php\/wp-json\/wp\/v2\/comments?post=21837"}],"version-history":[{"count":0,"href":"https:\/\/chacosintesis.com.ar\/index.php\/wp-json\/wp\/v2\/posts\/21837\/revisions"}],"wp:featuredmedia":[{"embeddable":true,"href":"https:\/\/chacosintesis.com.ar\/index.php\/wp-json\/wp\/v2\/media\/21838"}],"wp:attachment":[{"href":"https:\/\/chacosintesis.com.ar\/index.php\/wp-json\/wp\/v2\/media?parent=21837"}],"wp:term":[{"taxonomy":"category","embeddable":true,"href":"https:\/\/chacosintesis.com.ar\/index.php\/wp-json\/wp\/v2\/categories?post=21837"},{"taxonomy":"post_tag","embeddable":true,"href":"https:\/\/chacosintesis.com.ar\/index.php\/wp-json\/wp\/v2\/tags?post=21837"}],"curies":[{"name":"wp","href":"https:\/\/api.w.org\/{rel}","templated":true}]}}