{"id":21831,"date":"2023-05-18T21:44:13","date_gmt":"2023-05-19T00:44:13","guid":{"rendered":"https:\/\/chacosintesis.com.ar\/?p=21831"},"modified":"2023-05-18T22:06:37","modified_gmt":"2023-05-19T01:06:37","slug":"se-constituyo-el-comite-de-cuenca-forestal-del-chaco","status":"publish","type":"post","link":"https:\/\/chacosintesis.com.ar\/index.php\/se-constituyo-el-comite-de-cuenca-forestal-del-chaco\/","title":{"rendered":"Se constituy\u00f3 el Comit\u00e9 de Cuenca Forestal del Chaco"},"content":{"rendered":"<p>El gobierno provincial constituy\u00f3 el Comit\u00e9 de Cuenca Forestal del Chaco, proyecto que es llevado adelante en conjunto con Naci\u00f3n y que apunta a convertirse en una herramienta clave para el sector en t\u00e9rminos de protecci\u00f3n ambiental sustentable. De este nuevo \u00e1mbito participar\u00e1n todos los actores, tanto p\u00fablicos como privados, que se encuentran integrados a la cadena foresto-industrial a nivel provincial. La jornada de conformaci\u00f3n del comit\u00e9, que se llev\u00f3 adelante en Juan Jos\u00e9 Castelli, estuvo encabezada por el ministro de Producci\u00f3n, Industria y Empleo, Sebasti\u00e1n Lifton; el director nacional de Bosques, Martin M\u00f3naco; e intendentes de la regi\u00f3n Norte. \u201cHaber puesto en marcha este organismo no es una acci\u00f3n aislada sino que hay un trabajo pensado, planificado, una gesti\u00f3n de recursos y una estrategia a nivel nacional\u201d, sostuvo Lifton. \u201cEste Comit\u00e9 de Cuentas tendr\u00e1 entre sus tareas m\u00e1s importantes definir su horizonte y las acciones concretas que se requieran\u201d, agreg\u00f3 el ministro. La conformaci\u00f3n del \u00e1mbito se da en el marco del Proyecto de Pagos por Resultados en la Argentina y del programa destinado a la reducci\u00f3n de emisiones de gases de efecto invernadero debidas a la deforestaci\u00f3n y degradaci\u00f3n de los bosques (REDD+, por sus siglas en ingl\u00e9s) de la Convenci\u00f3n Marco de las Naciones Unidas sobre el Cambio Clim\u00e1tico. El comit\u00e9 trabajar\u00e1 para promover el incentivo al manejo sustentable de los bosques para garantizar recursos forestales a las necesidades presentes y futuras; y el mejoramiento de la industria forestal en el Chaco. \u201cHablamos de eso, de integrar un sector en t\u00e9rminos sociales y en t\u00e9rminos econ\u00f3micos; es decir, que el trabajador forestal pueda tener las coberturas necesarias y que el productor empresarial pueda afrontar esa demanda\u201d, se\u00f1al\u00f3 Lifton. Las cuencas forestales son las regiones o espacios geogr\u00e1ficos donde existe presencia de bosque nativo y una marcada concentraci\u00f3n de productores primarios, industrias y prestadores de servicios que desarrollan su actividad en el aprovechamiento, la transformaci\u00f3n y comercializaci\u00f3n de los productos madereros, y no madereros provenientes de esos bosques. El manejo estrat\u00e9gico del bosque nativo requiere de un Plan de gesti\u00f3n de cuencas, que es un proceso por el cual los actores identifican los problemas y necesidades respecto del uso del bosque, producci\u00f3n, transformaci\u00f3n y comercializaci\u00f3n de los productos forestales madereros y no madereros; y dise\u00f1an un plan de acci\u00f3n y asignaci\u00f3n de recursos dirigidos a mejorar progresivamente las condiciones de vida y producci\u00f3n. De la presentaci\u00f3n participaron tambi\u00e9n los intendentes P\u00edo Sander (de Castelli), Zen\u00f3n Cu\u00e9llar (de El Espinillo), Jorge Frank (de Miraflores), Vicente Gonz\u00e1lez (de Misi\u00f3n Nueva Pompeya) y Alcides P\u00e9rez (de El Sauzalito). Acompa\u00f1aron adem\u00e1s los subsecretarios Luciano Olivares (de Desarrollo Forestal) y Tom\u00e1s Camarasa (de Ambiente y Biodiversidad); Emanuel Crosta (intendente del Parque Nacional El Impenetrable); y Miguel G\u00f3mez, presidente del Instituto del Aborigen Chaque\u00f1o (Idach). Tambi\u00e9n tomaron parte Gabriel Tortarolo, de la Direcci\u00f3n Regional Chaco-Formosa del Inta; Lucas Vera, delegado de la Direcci\u00f3n Nacional de Desarrollo Foresto Industrial; Alfredo Fern\u00e1ndez, delegado de la Secretar\u00eda de Agricultura Familiar, Campesina e Ind\u00edgena; Daniel Crosta, director de la Regional NEA de la Administraci\u00f3n de Parques Nacionales (APN); Jes\u00fas Esp\u00edndola, referente local del Instituto Nacional de Tecnolog\u00eda Industrial (Inti); y Guillermo Prieri, enviado de la Universidad Tecnol\u00f3gica Nacional (UTN). En tanto que por el sector privado asistieron Fabi\u00e1n Urlich, de la Asociaci\u00f3n de Productores Forestales de Juan Jos\u00e9 Castelli; Roberto Nardelli, de la Asociaci\u00f3n de Productores Forestales del Departamento Maip\u00fa y de la C\u00e1mara de Exportadores de Carb\u00f3n Vegetal; No\u00e9 Khon, de la Federaci\u00f3n de Asociaci\u00f3n de Productores e Industriales del Chaco (Fapif); Jos\u00e9 Voytenco, de la Uni\u00f3n Argentina de Trabajadores Rurales y Estibadores (Uatre); Ren\u00e9 Elizondo, de la Uni\u00f3n de Sindicatos de la Industria Maderera de la Rep\u00fablica Argentina (Usimra); y Sebasti\u00e1n Kees, presidente del Consejo Profesional de Ciencias Forestales del Chaco (CPCFCH).<br \/>\nProyecto de pagos por resultados en la Argentina<br \/>\nLa Rep\u00fablica Argentina, a trav\u00e9s del Ministerio de Ambiente y Desarrollo Sostenible de la Naci\u00f3n, en colaboraci\u00f3n con la Organizaci\u00f3n de las Naciones Unidas para la Alimentaci\u00f3n y la Agricultura (FAO), elabor\u00f3 una Propuesta de Financiamiento ante el Fondo Verde para el Clima (FVC) -todo en el marco de la Convenci\u00f3n de Naciones Unidas para el Cambio Clim\u00e1tico- para solicitar pagos por los resultados obtenidos a partir de la implementaci\u00f3n Ley 26.331 (de Presupuestos M\u00ednimos de los Bosques Nativos) que gener\u00f3 una reducci\u00f3n de emisiones de carbono a partir de la deforestaci\u00f3n evitada durante el per\u00edodo 2014-2016. Gracias a estos resultados y la propuesta de financiamiento, el FVC aprob\u00f3 financiamiento para el pa\u00eds con el objetivo de contribuir a la reducci\u00f3n de emisiones debidas al cambio de uso del suelo, combatir la deforestaci\u00f3n y la degradaci\u00f3n forestal junto con promover el manejo forestal sostenible y el aumento de las reservas forestales de carbono, reduciendo la vulnerabilidad al cambio clim\u00e1tico de los bosques y de las comunidades que los habitan.<br \/>\n<<a href=\"http:\/\/www.avg.com\/email-signature?utm_medium=email&#038;utm_source=link&#038;utm_campaign=sig-email&#038;utm_content=webmail\">www.avg.com\/email-signature?utm_medium=email&amp;utm_source=link&amp;utm_campaign=sig-email&amp;utm_content=webmail<\/a>> Libre de virus.www.avg.com <<a href=\"http:\/\/www.avg.com\/email-signature?utm_medium=email&#038;utm_source=link&#038;utm_campaign=sig-email&#038;utm_content=webmail\">www.avg.com\/email-signature?utm_medium=email&amp;utm_source=link&amp;utm_campaign=sig-email&amp;utm_content=webmail<\/a>> <#DAB4FAD8-2DD7-40BB-A1B8-4E2AA1F9FDF2><\/p>\n","protected":false},"excerpt":{"rendered":"<p>El gobierno provincial constituy\u00f3 el Comit\u00e9 de Cuenca Forestal del Chaco, proyecto que es llevado adelante en conjunto con Naci\u00f3n y que apunta a convertirse en una herramienta clave para el sector en t\u00e9rminos de protecci\u00f3n ambiental sustentable. De este nuevo \u00e1mbito participar\u00e1n todos los actores, tanto p\u00fablicos como privados, que se encuentran integrados a [&hellip;]<\/p>\n","protected":false},"author":1,"featured_media":21832,"comment_status":"closed","ping_status":"closed","sticky":false,"template":"","format":"standard","meta":{"footnotes":""},"categories":[6],"tags":[],"class_list":{"0":"post-21831","1":"post","2":"type-post","3":"status-publish","4":"format-standard","5":"has-post-thumbnail","7":"category-chaco"},"_links":{"self":[{"href":"https:\/\/chacosintesis.com.ar\/index.php\/wp-json\/wp\/v2\/posts\/21831","targetHints":{"allow":["GET"]}}],"collection":[{"href":"https:\/\/chacosintesis.com.ar\/index.php\/wp-json\/wp\/v2\/posts"}],"about":[{"href":"https:\/\/chacosintesis.com.ar\/index.php\/wp-json\/wp\/v2\/types\/post"}],"author":[{"embeddable":true,"href":"https:\/\/chacosintesis.com.ar\/index.php\/wp-json\/wp\/v2\/users\/1"}],"replies":[{"embeddable":true,"href":"https:\/\/chacosintesis.com.ar\/index.php\/wp-json\/wp\/v2\/comments?post=21831"}],"version-history":[{"count":0,"href":"https:\/\/chacosintesis.com.ar\/index.php\/wp-json\/wp\/v2\/posts\/21831\/revisions"}],"wp:featuredmedia":[{"embeddable":true,"href":"https:\/\/chacosintesis.com.ar\/index.php\/wp-json\/wp\/v2\/media\/21832"}],"wp:attachment":[{"href":"https:\/\/chacosintesis.com.ar\/index.php\/wp-json\/wp\/v2\/media?parent=21831"}],"wp:term":[{"taxonomy":"category","embeddable":true,"href":"https:\/\/chacosintesis.com.ar\/index.php\/wp-json\/wp\/v2\/categories?post=21831"},{"taxonomy":"post_tag","embeddable":true,"href":"https:\/\/chacosintesis.com.ar\/index.php\/wp-json\/wp\/v2\/tags?post=21831"}],"curies":[{"name":"wp","href":"https:\/\/api.w.org\/{rel}","templated":true}]}}