{"id":21827,"date":"2023-05-18T21:35:53","date_gmt":"2023-05-19T00:35:53","guid":{"rendered":"https:\/\/chacosintesis.com.ar\/?p=21827"},"modified":"2023-05-18T21:36:46","modified_gmt":"2023-05-19T00:36:46","slug":"el-gobierno-y-remar-refuerzan-compromisos-por-prevencion-insercion-laboral-y-mejoras-en-infraestructura","status":"publish","type":"post","link":"https:\/\/chacosintesis.com.ar\/index.php\/el-gobierno-y-remar-refuerzan-compromisos-por-prevencion-insercion-laboral-y-mejoras-en-infraestructura\/","title":{"rendered":"El Gobierno y Remar refuerzan compromisos por prevenci\u00f3n, inserci\u00f3n laboral y mejoras en infraestructura"},"content":{"rendered":"<p>Capitanich junto a autoridades del gabinete recorrieron las instalaciones del Centro Terap\u00e9utico para acompa\u00f1aron el trabajo cotidiano.<br \/>\nDurante la ma\u00f1ana de este jueves, el gobernador Jorge Capitanich recorri\u00f3 las instalaciones del Centro Terap\u00e9utico de Recuperaci\u00f3n por Adicciones de Remar, ubicado en la localidad de Puerto Tirol.<br \/>\nDurante la visita se estableci\u00f3 la continuidad del trabajo con visi\u00f3n preventiva y de ayuda a personas recuperadas: \u201cNos llevamos muchos compromisos\u201d, se\u00f1al\u00f3 el gobernador, y ratific\u00f3 que \u201cnosotros estamos trabajando en la prevenci\u00f3n, inserci\u00f3n laboral y ampliaci\u00f3n de la capacidad instalada\u201d.<br \/>\nAdem\u00e1s, cont\u00f3 que \u201cescuchamos los testimonios de los chicos y chicas que se est\u00e1n recuperando. Nos contaron c\u00f3mo transformaron su vida a trav\u00e9s del amor de Dios. Nadie se salva solo\u201d, y agreg\u00f3 que \u201cen un contexto donde se trata de negar al otro es muy importante saber escuchar y sentir su dolor para transformar ese dolor en acci\u00f3n\u201d. \u201cRemar es una instituci\u00f3n ejemplar por su labor en inserci\u00f3n, disciplina, y en su m\u00e9todo, que a su vez eso permite una recuperaci\u00f3n integral\u201d, asegur\u00f3<br \/>\n <<a href=\"http:\/\/www.avg.com\/email-signature?utm_medium=email&#038;utm_source=link&#038;utm_campaign=sig-email&#038;utm_content=webmail\">www.avg.com\/email-signature?utm_medium=email&amp;utm_source=link&amp;utm_campaign=sig-email&amp;utm_content=webmail<\/a>> Libre de virus.www.avg.com <<a href=\"http:\/\/www.avg.com\/email-signature?utm_medium=email&#038;utm_source=link&#038;utm_campaign=sig-email&#038;utm_content=webmail\">www.avg.com\/email-signature?utm_medium=email&amp;utm_source=link&amp;utm_campaign=sig-email&amp;utm_content=webmail<\/a>> <#DAB4FAD8-2DD7-40BB-A1B8-4E2AA1F9FDF2><\/p>\n","protected":false},"excerpt":{"rendered":"<p>Capitanich junto a autoridades del gabinete recorrieron las instalaciones del Centro Terap\u00e9utico para acompa\u00f1aron el trabajo cotidiano. Durante la ma\u00f1ana de este jueves, el gobernador Jorge Capitanich recorri\u00f3 las instalaciones del Centro Terap\u00e9utico de Recuperaci\u00f3n por Adicciones de Remar, ubicado en la localidad de Puerto Tirol. Durante la visita se estableci\u00f3 la continuidad del trabajo [&hellip;]<\/p>\n","protected":false},"author":1,"featured_media":21828,"comment_status":"closed","ping_status":"closed","sticky":false,"template":"","format":"standard","meta":{"footnotes":""},"categories":[6],"tags":[],"class_list":{"0":"post-21827","1":"post","2":"type-post","3":"status-publish","4":"format-standard","5":"has-post-thumbnail","7":"category-chaco"},"_links":{"self":[{"href":"https:\/\/chacosintesis.com.ar\/index.php\/wp-json\/wp\/v2\/posts\/21827","targetHints":{"allow":["GET"]}}],"collection":[{"href":"https:\/\/chacosintesis.com.ar\/index.php\/wp-json\/wp\/v2\/posts"}],"about":[{"href":"https:\/\/chacosintesis.com.ar\/index.php\/wp-json\/wp\/v2\/types\/post"}],"author":[{"embeddable":true,"href":"https:\/\/chacosintesis.com.ar\/index.php\/wp-json\/wp\/v2\/users\/1"}],"replies":[{"embeddable":true,"href":"https:\/\/chacosintesis.com.ar\/index.php\/wp-json\/wp\/v2\/comments?post=21827"}],"version-history":[{"count":0,"href":"https:\/\/chacosintesis.com.ar\/index.php\/wp-json\/wp\/v2\/posts\/21827\/revisions"}],"wp:featuredmedia":[{"embeddable":true,"href":"https:\/\/chacosintesis.com.ar\/index.php\/wp-json\/wp\/v2\/media\/21828"}],"wp:attachment":[{"href":"https:\/\/chacosintesis.com.ar\/index.php\/wp-json\/wp\/v2\/media?parent=21827"}],"wp:term":[{"taxonomy":"category","embeddable":true,"href":"https:\/\/chacosintesis.com.ar\/index.php\/wp-json\/wp\/v2\/categories?post=21827"},{"taxonomy":"post_tag","embeddable":true,"href":"https:\/\/chacosintesis.com.ar\/index.php\/wp-json\/wp\/v2\/tags?post=21827"}],"curies":[{"name":"wp","href":"https:\/\/api.w.org\/{rel}","templated":true}]}}