{"id":21825,"date":"2023-05-18T21:34:28","date_gmt":"2023-05-19T00:34:28","guid":{"rendered":"https:\/\/chacosintesis.com.ar\/?p=21825"},"modified":"2023-05-18T21:36:45","modified_gmt":"2023-05-19T00:36:45","slug":"a-traves-de-una-mediacion-judicial-se-levanto-el-acampe-en-mision-nueva-pompeya","status":"publish","type":"post","link":"https:\/\/chacosintesis.com.ar\/index.php\/a-traves-de-una-mediacion-judicial-se-levanto-el-acampe-en-mision-nueva-pompeya\/","title":{"rendered":"A trav\u00e9s de una mediaci\u00f3n judicial, se levant\u00f3 el acampe en Misi\u00f3n Nueva Pompeya"},"content":{"rendered":"<p>La interrupci\u00f3n parcial de la calzada comenz\u00f3 en febrero de este a\u00f1o.<br \/>\nLuego de una ronda de mediaci\u00f3n a cargo del fiscal Marcelo Sosa y Mirtha Bejarano, secretaria de relaciones entre la comunidad y el Superior Tribunal de Justicia, familiares de Salustiano Gim\u00e9nez y referentes de la Naci\u00f3n Wich\u00ed levantaron el acampe que manten\u00edan al costado de la ruta en el acceso a la localidad de Misi\u00f3n Nueva Pompeya a la altura del Paraje Pole\u00f3n. El acuerdo firmado entre las partes permiti\u00f3 desactivar la interrupci\u00f3n parcial de la calzada que comenz\u00f3 en febrero de este a\u00f1o y su cumplimiento queda sujeto a que se mantenga un canal de comunicaci\u00f3n y reuniones permanentes desde la Justicia y el Ministerio P\u00fablico Fiscal. Sosa destac\u00f3 que esto fue posible gracias a \u201cvarios encuentros interpoderes e intervenciones puntuales que vienen d\u00e1ndose hace varios meses\u201d y enfatiz\u00f3 \u201cla importancia de aplicar todas las herramientas de mediaci\u00f3n y conciliaci\u00f3n que permitan reducir la intensidad del conflicto y propender a la paz social\u201d.<\/p>\n<p>Fuente: justiciachaco.gov.ar<br \/>\n<<a href=\"http:\/\/www.avg.com\/email-signature?utm_medium=email&#038;utm_source=link&#038;utm_campaign=sig-email&#038;utm_content=webmail\">www.avg.com\/email-signature?utm_medium=email&amp;utm_source=link&amp;utm_campaign=sig-email&amp;utm_content=webmail<\/a>> Libre de virus.www.avg.com <<a href=\"http:\/\/www.avg.com\/email-signature?utm_medium=email&#038;utm_source=link&#038;utm_campaign=sig-email&#038;utm_content=webmail\">www.avg.com\/email-signature?utm_medium=email&amp;utm_source=link&amp;utm_campaign=sig-email&amp;utm_content=webmail<\/a>> <#DAB4FAD8-2DD7-40BB-A1B8-4E2AA1F9FDF2><\/p>\n","protected":false},"excerpt":{"rendered":"<p>La interrupci\u00f3n parcial de la calzada comenz\u00f3 en febrero de este a\u00f1o. Luego de una ronda de mediaci\u00f3n a cargo del fiscal Marcelo Sosa y Mirtha Bejarano, secretaria de relaciones entre la comunidad y el Superior Tribunal de Justicia, familiares de Salustiano Gim\u00e9nez y referentes de la Naci\u00f3n Wich\u00ed levantaron el acampe que manten\u00edan al [&hellip;]<\/p>\n","protected":false},"author":1,"featured_media":21826,"comment_status":"closed","ping_status":"closed","sticky":false,"template":"","format":"standard","meta":{"footnotes":""},"categories":[6],"tags":[],"class_list":{"0":"post-21825","1":"post","2":"type-post","3":"status-publish","4":"format-standard","5":"has-post-thumbnail","7":"category-chaco"},"_links":{"self":[{"href":"https:\/\/chacosintesis.com.ar\/index.php\/wp-json\/wp\/v2\/posts\/21825","targetHints":{"allow":["GET"]}}],"collection":[{"href":"https:\/\/chacosintesis.com.ar\/index.php\/wp-json\/wp\/v2\/posts"}],"about":[{"href":"https:\/\/chacosintesis.com.ar\/index.php\/wp-json\/wp\/v2\/types\/post"}],"author":[{"embeddable":true,"href":"https:\/\/chacosintesis.com.ar\/index.php\/wp-json\/wp\/v2\/users\/1"}],"replies":[{"embeddable":true,"href":"https:\/\/chacosintesis.com.ar\/index.php\/wp-json\/wp\/v2\/comments?post=21825"}],"version-history":[{"count":0,"href":"https:\/\/chacosintesis.com.ar\/index.php\/wp-json\/wp\/v2\/posts\/21825\/revisions"}],"wp:featuredmedia":[{"embeddable":true,"href":"https:\/\/chacosintesis.com.ar\/index.php\/wp-json\/wp\/v2\/media\/21826"}],"wp:attachment":[{"href":"https:\/\/chacosintesis.com.ar\/index.php\/wp-json\/wp\/v2\/media?parent=21825"}],"wp:term":[{"taxonomy":"category","embeddable":true,"href":"https:\/\/chacosintesis.com.ar\/index.php\/wp-json\/wp\/v2\/categories?post=21825"},{"taxonomy":"post_tag","embeddable":true,"href":"https:\/\/chacosintesis.com.ar\/index.php\/wp-json\/wp\/v2\/tags?post=21825"}],"curies":[{"name":"wp","href":"https:\/\/api.w.org\/{rel}","templated":true}]}}