{"id":21823,"date":"2023-05-18T21:33:09","date_gmt":"2023-05-19T00:33:09","guid":{"rendered":"https:\/\/chacosintesis.com.ar\/?p=21823"},"modified":"2023-05-18T21:36:44","modified_gmt":"2023-05-19T00:36:44","slug":"chaco-supero-los-4-500-casos-de-dengue","status":"publish","type":"post","link":"https:\/\/chacosintesis.com.ar\/index.php\/chaco-supero-los-4-500-casos-de-dengue\/","title":{"rendered":"Chaco super\u00f3 los 4.500 casos de dengue"},"content":{"rendered":"<p>Desde el 1 de enero en la provincia se reportaron 4.583 casos positivos.<br \/>\nEl Ministerio de Salud P\u00fablica del Chaco inform\u00f3 que, desde el 1 de enero de 2023 a la fecha, se notificaron en la provincia 4.583 casos positivos de Dengue y 269 se encuentran en estudio. Como parte de las tareas de control focal, en las \u00faltimas horas se ha visitado y fumigado en domicilio y peridomicilio un total de 130 viviendas correspondientes al barrio Villa Mariano Moreno y tambi\u00e9n en el Hogar Teresa de Calcuta, del \u00c1rea Metropolitana del Gran Resistencia. La cartera sanitaria insta a la poblaci\u00f3n a estar alerta ante la aparici\u00f3n de los siguientes s\u00edntomas: fiebre, dolor de cabeza, dolor detr\u00e1s de los ojos, dolor muscular y de articulaciones, n\u00e1useas o v\u00f3mitos, cansancio extremo, aparici\u00f3n de manchas en la piel, picaz\u00f3n y\/o sangrado en la nariz o enc\u00edas. Solicita no automedicarse y acudir de inmediato al hospital o centro de salud m\u00e1s cercano ante la aparici\u00f3n de estos s\u00edntomas. Se reitera la importancia de eliminar y\/o vaciar cualquier recipiente que acumule o pueda acumular agua en nuestras casas y espacios p\u00fablicos, para evitar la propagaci\u00f3n del mosquito transmisor Aedes aegypti.<br \/>\n<<a href=\"http:\/\/www.avg.com\/email-signature?utm_medium=email&#038;utm_source=link&#038;utm_campaign=sig-email&#038;utm_content=webmail\">www.avg.com\/email-signature?utm_medium=email&amp;utm_source=link&amp;utm_campaign=sig-email&amp;utm_content=webmail<\/a>> Libre de virus.www.avg.com <<a href=\"http:\/\/www.avg.com\/email-signature?utm_medium=email&#038;utm_source=link&#038;utm_campaign=sig-email&#038;utm_content=webmail\">www.avg.com\/email-signature?utm_medium=email&amp;utm_source=link&amp;utm_campaign=sig-email&amp;utm_content=webmail<\/a>> <#DAB4FAD8-2DD7-40BB-A1B8-4E2AA1F9FDF2><\/p>\n","protected":false},"excerpt":{"rendered":"<p>Desde el 1 de enero en la provincia se reportaron 4.583 casos positivos. El Ministerio de Salud P\u00fablica del Chaco inform\u00f3 que, desde el 1 de enero de 2023 a la fecha, se notificaron en la provincia 4.583 casos positivos de Dengue y 269 se encuentran en estudio. Como parte de las tareas de control [&hellip;]<\/p>\n","protected":false},"author":1,"featured_media":21824,"comment_status":"closed","ping_status":"closed","sticky":false,"template":"","format":"standard","meta":{"footnotes":""},"categories":[6],"tags":[],"class_list":{"0":"post-21823","1":"post","2":"type-post","3":"status-publish","4":"format-standard","5":"has-post-thumbnail","7":"category-chaco"},"_links":{"self":[{"href":"https:\/\/chacosintesis.com.ar\/index.php\/wp-json\/wp\/v2\/posts\/21823","targetHints":{"allow":["GET"]}}],"collection":[{"href":"https:\/\/chacosintesis.com.ar\/index.php\/wp-json\/wp\/v2\/posts"}],"about":[{"href":"https:\/\/chacosintesis.com.ar\/index.php\/wp-json\/wp\/v2\/types\/post"}],"author":[{"embeddable":true,"href":"https:\/\/chacosintesis.com.ar\/index.php\/wp-json\/wp\/v2\/users\/1"}],"replies":[{"embeddable":true,"href":"https:\/\/chacosintesis.com.ar\/index.php\/wp-json\/wp\/v2\/comments?post=21823"}],"version-history":[{"count":0,"href":"https:\/\/chacosintesis.com.ar\/index.php\/wp-json\/wp\/v2\/posts\/21823\/revisions"}],"wp:featuredmedia":[{"embeddable":true,"href":"https:\/\/chacosintesis.com.ar\/index.php\/wp-json\/wp\/v2\/media\/21824"}],"wp:attachment":[{"href":"https:\/\/chacosintesis.com.ar\/index.php\/wp-json\/wp\/v2\/media?parent=21823"}],"wp:term":[{"taxonomy":"category","embeddable":true,"href":"https:\/\/chacosintesis.com.ar\/index.php\/wp-json\/wp\/v2\/categories?post=21823"},{"taxonomy":"post_tag","embeddable":true,"href":"https:\/\/chacosintesis.com.ar\/index.php\/wp-json\/wp\/v2\/tags?post=21823"}],"curies":[{"name":"wp","href":"https:\/\/api.w.org\/{rel}","templated":true}]}}