{"id":21821,"date":"2023-05-18T21:26:45","date_gmt":"2023-05-19T00:26:45","guid":{"rendered":"https:\/\/chacosintesis.com.ar\/?p=21821"},"modified":"2023-05-18T21:36:43","modified_gmt":"2023-05-19T00:36:43","slug":"dieron-a-conocer-las-listas-definitivas-de-las-personas-inscriptas-a-interinatos-y-suplencias","status":"publish","type":"post","link":"https:\/\/chacosintesis.com.ar\/index.php\/dieron-a-conocer-las-listas-definitivas-de-las-personas-inscriptas-a-interinatos-y-suplencias\/","title":{"rendered":"Dieron a conocer las listas definitivas de las personas inscriptas a interinatos y suplencias"},"content":{"rendered":"<p>La lista est\u00e1 disponible en la Plataforma SIE, ingresando al men\u00fa Juntas- Listados Vigentes. El Ministerio de Educaci\u00f3n, a trav\u00e9s de las Juntas de Clasificaci\u00f3n de Nivel Primario -Regiones 1 a 10-, comunica a los y las inscriptos en el Periodo Extraordinario de Interinatos y Suplencias 2023 que, desde el 17 de mayo, est\u00e1 en vigencia el listado definitivo para las designaciones a Maestros de Grados y Materias Especiales de Escuelas de Educaci\u00f3n Primaria. La lista est\u00e1 disponible en la Plataforma SIE, ingresando al men\u00fa Juntas- Listados Vigentes.<br \/>\n<<a href=\"http:\/\/www.avg.com\/email-signature?utm_medium=email&#038;utm_source=link&#038;utm_campaign=sig-email&#038;utm_content=webmail\">www.avg.com\/email-signature?utm_medium=email&amp;utm_source=link&amp;utm_campaign=sig-email&amp;utm_content=webmail<\/a>> Libre de virus.www.avg.com <<a href=\"http:\/\/www.avg.com\/email-signature?utm_medium=email&#038;utm_source=link&#038;utm_campaign=sig-email&#038;utm_content=webmail\">www.avg.com\/email-signature?utm_medium=email&amp;utm_source=link&amp;utm_campaign=sig-email&amp;utm_content=webmail<\/a>> <#DAB4FAD8-2DD7-40BB-A1B8-4E2AA1F9FDF2><\/p>\n","protected":false},"excerpt":{"rendered":"<p>La lista est\u00e1 disponible en la Plataforma SIE, ingresando al men\u00fa Juntas- Listados Vigentes. El Ministerio de Educaci\u00f3n, a trav\u00e9s de las Juntas de Clasificaci\u00f3n de Nivel Primario -Regiones 1 a 10-, comunica a los y las inscriptos en el Periodo Extraordinario de Interinatos y Suplencias 2023 que, desde el 17 de mayo, est\u00e1 en [&hellip;]<\/p>\n","protected":false},"author":1,"featured_media":21822,"comment_status":"closed","ping_status":"closed","sticky":false,"template":"","format":"standard","meta":{"footnotes":""},"categories":[6],"tags":[],"class_list":{"0":"post-21821","1":"post","2":"type-post","3":"status-publish","4":"format-standard","5":"has-post-thumbnail","7":"category-chaco"},"_links":{"self":[{"href":"https:\/\/chacosintesis.com.ar\/index.php\/wp-json\/wp\/v2\/posts\/21821","targetHints":{"allow":["GET"]}}],"collection":[{"href":"https:\/\/chacosintesis.com.ar\/index.php\/wp-json\/wp\/v2\/posts"}],"about":[{"href":"https:\/\/chacosintesis.com.ar\/index.php\/wp-json\/wp\/v2\/types\/post"}],"author":[{"embeddable":true,"href":"https:\/\/chacosintesis.com.ar\/index.php\/wp-json\/wp\/v2\/users\/1"}],"replies":[{"embeddable":true,"href":"https:\/\/chacosintesis.com.ar\/index.php\/wp-json\/wp\/v2\/comments?post=21821"}],"version-history":[{"count":0,"href":"https:\/\/chacosintesis.com.ar\/index.php\/wp-json\/wp\/v2\/posts\/21821\/revisions"}],"wp:featuredmedia":[{"embeddable":true,"href":"https:\/\/chacosintesis.com.ar\/index.php\/wp-json\/wp\/v2\/media\/21822"}],"wp:attachment":[{"href":"https:\/\/chacosintesis.com.ar\/index.php\/wp-json\/wp\/v2\/media?parent=21821"}],"wp:term":[{"taxonomy":"category","embeddable":true,"href":"https:\/\/chacosintesis.com.ar\/index.php\/wp-json\/wp\/v2\/categories?post=21821"},{"taxonomy":"post_tag","embeddable":true,"href":"https:\/\/chacosintesis.com.ar\/index.php\/wp-json\/wp\/v2\/tags?post=21821"}],"curies":[{"name":"wp","href":"https:\/\/api.w.org\/{rel}","templated":true}]}}