{"id":21817,"date":"2023-05-18T21:15:36","date_gmt":"2023-05-19T00:15:36","guid":{"rendered":"https:\/\/chacosintesis.com.ar\/?p=21817"},"modified":"2023-05-18T21:36:42","modified_gmt":"2023-05-19T00:36:42","slug":"la-vicegobernadora-anuncio-la-construccion-de-un-polo-socio-productivo","status":"publish","type":"post","link":"https:\/\/chacosintesis.com.ar\/index.php\/la-vicegobernadora-anuncio-la-construccion-de-un-polo-socio-productivo\/","title":{"rendered":"La vicegobernadora anunci\u00f3 la construcci\u00f3n de un Polo Socio-Productivo"},"content":{"rendered":"<p>Adem\u00e1s, a trav\u00e9s de la Fundaci\u00f3n \u201cChaco Solidario\u201d se entregaron herramientas a emprendedores y emprendedoras de la zona.<br \/>\nLa vicegobernadora Anal\u00eda Rach Quiroga particip\u00f3 del acto central de conmemoraci\u00f3n del 86\u00b0 aniversario de Zaparinqui, oportunidad en la que, junto al intendente de Juan Jos\u00e9 Castelli, P\u00edo Sander, rubric\u00f3 un convenio de asistencia financiera para la construcci\u00f3n de un Polo Socio-productivo que impulse el desarrollo de la agricultura familiar en la localidad. Adem\u00e1s, en la jornada, a trav\u00e9s de la Fundaci\u00f3n \u201cChaco Solidario\u201d se entregaron herramientas para emprendedores y emprendedoras locales. La mandataria provincial hizo un repaso de las obras ejecutadas en la localidad y resalt\u00f3 la importancia del acompa\u00f1amiento del Gobierno Provincial en el crecimiento en todo El Impenetrable. En este sentido, destac\u00f3 el desarrollo y la producci\u00f3n hort\u00edcola de Zaparinqui. \u201cPor eso desde el Estado decidimos acompa\u00f1ar con una pol\u00edtica p\u00fablica a las y los productores para que puedan seguir agregando valor a la producci\u00f3n primaria y con un presupuesto para beneficiar a estos sectores, avanzando en un polo socioproductivo\u201d, reafirm\u00f3 la vicegobernadora. El acompa\u00f1amiento se efectiviz\u00f3 mediante del convenio de asistencia financiera a trav\u00e9s de los Ministerio de Desarrollo Social y de Planificaci\u00f3n, Econom\u00eda e Infraestructura, a fin de otorgar al municipio un monto de 20 millones de pesos para la construcci\u00f3n de una sala comunitaria de elaboraci\u00f3n de dulces y mermeladas con insumos locales, que funcionar\u00e1 como un Polo Socioproductivo local. Ser\u00e1 un espacio de producci\u00f3n, comercializaci\u00f3n de bienes y servicios, producidos por la econom\u00eda social y popular. La idea de la propuesta es generar valor y apuntalar la producci\u00f3n de la zona rural de Juan Jos\u00e9 Castelli y, a trav\u00e9s del procesamiento de las cucurbit\u00e1ceas (zapallos, calabazas), generar 15 puestos de trabajo para mujeres y j\u00f3venes de forma directa en la elaboraci\u00f3n, procesamiento, comercializaci\u00f3n, administraci\u00f3n y atenci\u00f3n al p\u00fablico de un emprendimiento agroindustrial. Este proyecto, manifest\u00f3 Rach Quiroga, se enmarca en una serie de decisiones, pol\u00edticas p\u00fablicas y programas impulsados por el Gobierno de la provincia, que buscan \u201cdesarrollar nuestra provincia para continuar desarrollando cadenas de valor\u201d resalt\u00f3. \u201cAdem\u00e1s de decisiones, esta gesti\u00f3n pudo transformar todas estas ideas en acci\u00f3n y nos llena de orgullo ver este Zaparinqui que crece y se desarrolla\u201d dijo la vicegobernadora.<\/p>\n<p>Entrega de herramientas<\/p>\n<p>Durante la jornada, la Fundaci\u00f3n \u201cChaco Solidario\u201d entreg\u00f3 a emprendedores y emprendedoras distintas herramientas para continuar progresando y desarroll\u00e1ndose. Entre ellas, entregaron una m\u00e1quina de coser, un sill\u00f3n lava-cabezas, una m\u00e1quina &#8220;Pasta Linda&#8221; profesional, un horno el\u00e9ctrico, una m\u00e1quina de coser y un juego de herramientas. Participaron del acto la directora de la Fundaci\u00f3n \u201cChaco Solidario\u201d, Mariela Guerra; la delegada municipal de Zaparinqui, Mariana L\u00f3pez; la presidenta del Concejo de Juan Jos\u00e9 Castelli, Soledad Rach; el intendente de Villa R\u00edo Bermejito, Julio Paredez; e integrantes del gabinete municipal de Castelli.<\/p>\n<p>Trabajo conjunto para el desarrollo de la comunidad<\/p>\n<p>Durante el acto, el intendente Pio Sander expres\u00f3 su \u201cenorme satisfacci\u00f3n\u201d por compartir la celebraci\u00f3n de los 86 a\u00f1os de Zaparinqui y destac\u00f3 el trabajo que se lleva adelante en forma conjunta con el Ejecutivo provincial. \u201cEstamos construyendo juntos y para ello es clave el aporte constante que se realiza, como por ejemplo con la Fundaci\u00f3n Chaco Solidario y la especial mirada de su directora Mariela Guerra\u201d, se\u00f1al\u00f3. Respecto del convenio rubricado y anunciado por la vicegobernadora, ratific\u00f3: \u201cLo vamos a ejecutar juntos, nosotros vamos a poner la mano de obra, y a trav\u00e9s del convenio vamos a comprar los materiales. Aqu\u00ed, sobre el ingreso se va a construir un centro productivo que les permitir\u00e1 hacer (dulces, pickles) y tambi\u00e9n los van a poder llevar, muy pronto al mercado popular, a la feria que estamos tambi\u00e9n ejecutando en Juan Jos\u00e9 Castelli o en la Plaza Central los d\u00edas s\u00e1bados\u201d, concluy\u00f3. A su turno, la delegada municipal de Zaparinqui, Mariana L\u00f3pez agradeci\u00f3 a las y los funcionarios municipales y provinciales presentes en este nuevo aniversario, y que trabajan con dedicaci\u00f3n, ideas y con nuevas propuestas para que \u201cnuestra localidad y el sector rural se sigan desarrollando\u201d, destac\u00f3.<br \/>\n <<a href=\"http:\/\/www.avg.com\/email-signature?utm_medium=email&#038;utm_source=link&#038;utm_campaign=sig-email&#038;utm_content=webmail\">www.avg.com\/email-signature?utm_medium=email&amp;utm_source=link&amp;utm_campaign=sig-email&amp;utm_content=webmail<\/a>> Libre de virus.www.avg.com <<a href=\"http:\/\/www.avg.com\/email-signature?utm_medium=email&#038;utm_source=link&#038;utm_campaign=sig-email&#038;utm_content=webmail\">www.avg.com\/email-signature?utm_medium=email&amp;utm_source=link&amp;utm_campaign=sig-email&amp;utm_content=webmail<\/a>> <#DAB4FAD8-2DD7-40BB-A1B8-4E2AA1F9FDF2><\/p>\n","protected":false},"excerpt":{"rendered":"<p>Adem\u00e1s, a trav\u00e9s de la Fundaci\u00f3n \u201cChaco Solidario\u201d se entregaron herramientas a emprendedores y emprendedoras de la zona. La vicegobernadora Anal\u00eda Rach Quiroga particip\u00f3 del acto central de conmemoraci\u00f3n del 86\u00b0 aniversario de Zaparinqui, oportunidad en la que, junto al intendente de Juan Jos\u00e9 Castelli, P\u00edo Sander, rubric\u00f3 un convenio de asistencia financiera para la [&hellip;]<\/p>\n","protected":false},"author":1,"featured_media":21818,"comment_status":"closed","ping_status":"closed","sticky":false,"template":"","format":"standard","meta":{"footnotes":""},"categories":[6],"tags":[],"class_list":{"0":"post-21817","1":"post","2":"type-post","3":"status-publish","4":"format-standard","5":"has-post-thumbnail","7":"category-chaco"},"_links":{"self":[{"href":"https:\/\/chacosintesis.com.ar\/index.php\/wp-json\/wp\/v2\/posts\/21817","targetHints":{"allow":["GET"]}}],"collection":[{"href":"https:\/\/chacosintesis.com.ar\/index.php\/wp-json\/wp\/v2\/posts"}],"about":[{"href":"https:\/\/chacosintesis.com.ar\/index.php\/wp-json\/wp\/v2\/types\/post"}],"author":[{"embeddable":true,"href":"https:\/\/chacosintesis.com.ar\/index.php\/wp-json\/wp\/v2\/users\/1"}],"replies":[{"embeddable":true,"href":"https:\/\/chacosintesis.com.ar\/index.php\/wp-json\/wp\/v2\/comments?post=21817"}],"version-history":[{"count":0,"href":"https:\/\/chacosintesis.com.ar\/index.php\/wp-json\/wp\/v2\/posts\/21817\/revisions"}],"wp:featuredmedia":[{"embeddable":true,"href":"https:\/\/chacosintesis.com.ar\/index.php\/wp-json\/wp\/v2\/media\/21818"}],"wp:attachment":[{"href":"https:\/\/chacosintesis.com.ar\/index.php\/wp-json\/wp\/v2\/media?parent=21817"}],"wp:term":[{"taxonomy":"category","embeddable":true,"href":"https:\/\/chacosintesis.com.ar\/index.php\/wp-json\/wp\/v2\/categories?post=21817"},{"taxonomy":"post_tag","embeddable":true,"href":"https:\/\/chacosintesis.com.ar\/index.php\/wp-json\/wp\/v2\/tags?post=21817"}],"curies":[{"name":"wp","href":"https:\/\/api.w.org\/{rel}","templated":true}]}}