{"id":21815,"date":"2023-05-18T21:18:59","date_gmt":"2023-05-19T00:18:59","guid":{"rendered":"https:\/\/chacosintesis.com.ar\/?p=21815"},"modified":"2023-05-18T21:36:41","modified_gmt":"2023-05-19T00:36:41","slug":"una-fabrica-maderera-del-chaco-incorporara-15-nuevos-trabajadores","status":"publish","type":"post","link":"https:\/\/chacosintesis.com.ar\/index.php\/una-fabrica-maderera-del-chaco-incorporara-15-nuevos-trabajadores\/","title":{"rendered":"Una f\u00e1brica maderera del Chaco incorporar\u00e1 15 nuevos trabajadores"},"content":{"rendered":"<p>La planta de producci\u00f3n contin\u00faa ampli\u00e1ndose e incorporando maquinaria con tecnolog\u00eda de \u00faltima generaci\u00f3n.<br \/>\nEl gobernador Jorge Capitanich recorri\u00f3 este jueves El Galp\u00f3n Maderas, una empresa que ampl\u00eda sus instalaciones, incorpora m\u00e1quinas con tecnolog\u00eda de \u00faltima generaci\u00f3n y adem\u00e1s suma 15 trabajadores a su planta. Capitanich dijo que este personal va &#8220;a sumar a seguir produciendo desde lo que es construcciones en seco, placas de madera y muebles para satisfacer una demanda creciente.&#8221; y destac\u00f3 su importancia, ya que &#8220;la construcci\u00f3n de una vivienda implica bienes de demanda conjunta, y parte de estos bienes son los muebles que requieren de una capacidad productiva, y esto es lo viene a satisfacer esta empresa chaque\u00f1a.&#8221; En este sentido, el primer mandatario record\u00f3 que &#8220;Chaco tiene un desarrollo de la cadena de valor foresto industrial con mucho potencial, y buscamos la modalidad m\u00e1s accesible para que los empresarios puedan invertir, crecer y generar m\u00e1s puestos de trabajo de calidad.&#8221;<br \/>\n <<a href=\"http:\/\/www.avg.com\/email-signature?utm_medium=email&#038;utm_source=link&#038;utm_campaign=sig-email&#038;utm_content=webmail\">www.avg.com\/email-signature?utm_medium=email&amp;utm_source=link&amp;utm_campaign=sig-email&amp;utm_content=webmail<\/a>> Libre de virus.www.avg.com <<a href=\"http:\/\/www.avg.com\/email-signature?utm_medium=email&#038;utm_source=link&#038;utm_campaign=sig-email&#038;utm_content=webmail\">www.avg.com\/email-signature?utm_medium=email&amp;utm_source=link&amp;utm_campaign=sig-email&amp;utm_content=webmail<\/a>> <#DAB4FAD8-2DD7-40BB-A1B8-4E2AA1F9FDF2><\/p>\n","protected":false},"excerpt":{"rendered":"<p>La planta de producci\u00f3n contin\u00faa ampli\u00e1ndose e incorporando maquinaria con tecnolog\u00eda de \u00faltima generaci\u00f3n. El gobernador Jorge Capitanich recorri\u00f3 este jueves El Galp\u00f3n Maderas, una empresa que ampl\u00eda sus instalaciones, incorpora m\u00e1quinas con tecnolog\u00eda de \u00faltima generaci\u00f3n y adem\u00e1s suma 15 trabajadores a su planta. Capitanich dijo que este personal va &#8220;a sumar a seguir [&hellip;]<\/p>\n","protected":false},"author":1,"featured_media":21816,"comment_status":"closed","ping_status":"closed","sticky":false,"template":"","format":"standard","meta":{"footnotes":""},"categories":[6],"tags":[],"class_list":{"0":"post-21815","1":"post","2":"type-post","3":"status-publish","4":"format-standard","5":"has-post-thumbnail","7":"category-chaco"},"_links":{"self":[{"href":"https:\/\/chacosintesis.com.ar\/index.php\/wp-json\/wp\/v2\/posts\/21815","targetHints":{"allow":["GET"]}}],"collection":[{"href":"https:\/\/chacosintesis.com.ar\/index.php\/wp-json\/wp\/v2\/posts"}],"about":[{"href":"https:\/\/chacosintesis.com.ar\/index.php\/wp-json\/wp\/v2\/types\/post"}],"author":[{"embeddable":true,"href":"https:\/\/chacosintesis.com.ar\/index.php\/wp-json\/wp\/v2\/users\/1"}],"replies":[{"embeddable":true,"href":"https:\/\/chacosintesis.com.ar\/index.php\/wp-json\/wp\/v2\/comments?post=21815"}],"version-history":[{"count":0,"href":"https:\/\/chacosintesis.com.ar\/index.php\/wp-json\/wp\/v2\/posts\/21815\/revisions"}],"wp:featuredmedia":[{"embeddable":true,"href":"https:\/\/chacosintesis.com.ar\/index.php\/wp-json\/wp\/v2\/media\/21816"}],"wp:attachment":[{"href":"https:\/\/chacosintesis.com.ar\/index.php\/wp-json\/wp\/v2\/media?parent=21815"}],"wp:term":[{"taxonomy":"category","embeddable":true,"href":"https:\/\/chacosintesis.com.ar\/index.php\/wp-json\/wp\/v2\/categories?post=21815"},{"taxonomy":"post_tag","embeddable":true,"href":"https:\/\/chacosintesis.com.ar\/index.php\/wp-json\/wp\/v2\/tags?post=21815"}],"curies":[{"name":"wp","href":"https:\/\/api.w.org\/{rel}","templated":true}]}}