{"id":21788,"date":"2023-05-17T20:06:17","date_gmt":"2023-05-17T23:06:17","guid":{"rendered":"https:\/\/chacosintesis.com.ar\/?p=21788"},"modified":"2023-05-17T20:07:03","modified_gmt":"2023-05-17T23:07:03","slug":"el-chef-mariano-menendez-representara-al-chaco-en-el-neoworkshop-federal-2023","status":"publish","type":"post","link":"https:\/\/chacosintesis.com.ar\/index.php\/el-chef-mariano-menendez-representara-al-chaco-en-el-neoworkshop-federal-2023\/","title":{"rendered":"El chef Mariano Men\u00e9ndez representar\u00e1 al Chaco en el NeoWorkshop Federal 2023"},"content":{"rendered":"<p>El evento est\u00e1 enmarcado en rondas de negocios con participantes de todas las provincias, donde se dictan capacitaciones y se presentan diversos productos, destinos tur\u00edsticos y muestras gastron\u00f3micas con platos regionales y vivencias.<br \/>\nEl NeoWorkshop Federal 2023, en su novena edici\u00f3n, se realizar\u00e1 este jueves 18 de mayo en ciudad de C\u00f3rdoba, en el Centro de Convenciones \u201cBrigadier General Juan Bautista Bustos\u201d.<br \/>\nEl Chaco tendr\u00e1 su representaci\u00f3n provincial a cargo del chef Mariano Men\u00e9ndez, quien presentar\u00e1 su talento y la innovaci\u00f3n gastron\u00f3mica que nos caracteriza con \u201cSabores del Chaco\u201d, en la gran muestra gastron\u00f3mica nacional desde las 19.30.<br \/>\nEl evento comenzar\u00e1 a las 8.30. La primera ronda de negocios est\u00e1 prevista entre las 9 y las 12, y la segunda, entre las 14 y 16. Desde las 16.30 comenzar\u00e1 la disertaci\u00f3n de experiencias de las distintas provincias. Por el Chaco, expondr\u00e1 Daniel Gaona, presidente de la C\u00e1mara de Turismo.<br \/>\nAdem\u00e1s, se realizar\u00e1 la presentaci\u00f3n del Programa \u201cGustAR, gusto argentino\u201d a cargo del Ministerio de Turismo y Deportes de la Naci\u00f3n.<\/p>\n","protected":false},"excerpt":{"rendered":"<p>El evento est\u00e1 enmarcado en rondas de negocios con participantes de todas las provincias, donde se dictan capacitaciones y se presentan diversos productos, destinos tur\u00edsticos y muestras gastron\u00f3micas con platos regionales y vivencias. El NeoWorkshop Federal 2023, en su novena edici\u00f3n, se realizar\u00e1 este jueves 18 de mayo en ciudad de C\u00f3rdoba, en el Centro [&hellip;]<\/p>\n","protected":false},"author":1,"featured_media":21789,"comment_status":"closed","ping_status":"closed","sticky":false,"template":"","format":"standard","meta":{"footnotes":""},"categories":[6],"tags":[],"class_list":{"0":"post-21788","1":"post","2":"type-post","3":"status-publish","4":"format-standard","5":"has-post-thumbnail","7":"category-chaco"},"_links":{"self":[{"href":"https:\/\/chacosintesis.com.ar\/index.php\/wp-json\/wp\/v2\/posts\/21788","targetHints":{"allow":["GET"]}}],"collection":[{"href":"https:\/\/chacosintesis.com.ar\/index.php\/wp-json\/wp\/v2\/posts"}],"about":[{"href":"https:\/\/chacosintesis.com.ar\/index.php\/wp-json\/wp\/v2\/types\/post"}],"author":[{"embeddable":true,"href":"https:\/\/chacosintesis.com.ar\/index.php\/wp-json\/wp\/v2\/users\/1"}],"replies":[{"embeddable":true,"href":"https:\/\/chacosintesis.com.ar\/index.php\/wp-json\/wp\/v2\/comments?post=21788"}],"version-history":[{"count":0,"href":"https:\/\/chacosintesis.com.ar\/index.php\/wp-json\/wp\/v2\/posts\/21788\/revisions"}],"wp:featuredmedia":[{"embeddable":true,"href":"https:\/\/chacosintesis.com.ar\/index.php\/wp-json\/wp\/v2\/media\/21789"}],"wp:attachment":[{"href":"https:\/\/chacosintesis.com.ar\/index.php\/wp-json\/wp\/v2\/media?parent=21788"}],"wp:term":[{"taxonomy":"category","embeddable":true,"href":"https:\/\/chacosintesis.com.ar\/index.php\/wp-json\/wp\/v2\/categories?post=21788"},{"taxonomy":"post_tag","embeddable":true,"href":"https:\/\/chacosintesis.com.ar\/index.php\/wp-json\/wp\/v2\/tags?post=21788"}],"curies":[{"name":"wp","href":"https:\/\/api.w.org\/{rel}","templated":true}]}}