{"id":21780,"date":"2023-05-17T18:30:23","date_gmt":"2023-05-17T21:30:23","guid":{"rendered":"https:\/\/chacosintesis.com.ar\/?p=21780"},"modified":"2023-05-17T18:36:52","modified_gmt":"2023-05-17T21:36:52","slug":"para-ayudar-en-la-prevencion-local-villa-angela-recibio-moviles-policiales-cero-kilometros","status":"publish","type":"post","link":"https:\/\/chacosintesis.com.ar\/index.php\/para-ayudar-en-la-prevencion-local-villa-angela-recibio-moviles-policiales-cero-kilometros\/","title":{"rendered":"Para ayudar en la prevenci\u00f3n local, Villa \u00c1ngela recibi\u00f3 m\u00f3viles policiales cero kil\u00f3metros"},"content":{"rendered":"<p>Algunas de las unidades tambi\u00e9n ser\u00e1n distribuidas entre las comisar\u00edas de Enrique Urien y Samuh\u00fa.<br \/>\nLa ciudad de Villa \u00c1ngela sum\u00f3 nuevas unidades cero kil\u00f3metros para incrementar la seguridad p\u00fablica local. La entrega se realiz\u00f3 en la ma\u00f1ana de este mi\u00e9rcoles 17, y cont\u00f3 con la participaci\u00f3n de la Ministra de Seguridad y Justicia, Gloria Zalazar; el Jefe de la Polic\u00eda del Chaco, Comisario General Ariel Alejandro Acu\u00f1a; el Subjefe de Polic\u00eda, Comisario General David Antonio Vega; el Director Ejecutivo del C.E.A.C, Comisario General Christian Ver\u00f3n e intendentes de dichas localidades.<br \/>\nLos m\u00f3viles son una tr\u00e1fic Mercedes Benz Sprinter, dos camionetas Toyota Hilux, cuatro autom\u00f3viles Toyota Etios y siete motocicletas marca Yamaha FZ 250. Estas unidades formar\u00e1n parte de las Comisar\u00edas 1\u00b0, 2\u00b0, 911, Divisiones Investigaciones, Drogas, Caminera de Villa \u00c1ngela. Tambi\u00e9n, Comisar\u00edas Enrique Urien y Samuh\u00fa.<br \/>\nEn esta oportunidad, la inversi\u00f3n del gobierno provincial ronda los $71.000.000,00 (setenta y un mill\u00f3n de pesos) para la regi\u00f3n sudoeste.<\/p>\n","protected":false},"excerpt":{"rendered":"<p>Algunas de las unidades tambi\u00e9n ser\u00e1n distribuidas entre las comisar\u00edas de Enrique Urien y Samuh\u00fa. La ciudad de Villa \u00c1ngela sum\u00f3 nuevas unidades cero kil\u00f3metros para incrementar la seguridad p\u00fablica local. La entrega se realiz\u00f3 en la ma\u00f1ana de este mi\u00e9rcoles 17, y cont\u00f3 con la participaci\u00f3n de la Ministra de Seguridad y Justicia, Gloria [&hellip;]<\/p>\n","protected":false},"author":1,"featured_media":21781,"comment_status":"closed","ping_status":"closed","sticky":false,"template":"","format":"standard","meta":{"footnotes":""},"categories":[6],"tags":[],"class_list":{"0":"post-21780","1":"post","2":"type-post","3":"status-publish","4":"format-standard","5":"has-post-thumbnail","7":"category-chaco"},"_links":{"self":[{"href":"https:\/\/chacosintesis.com.ar\/index.php\/wp-json\/wp\/v2\/posts\/21780","targetHints":{"allow":["GET"]}}],"collection":[{"href":"https:\/\/chacosintesis.com.ar\/index.php\/wp-json\/wp\/v2\/posts"}],"about":[{"href":"https:\/\/chacosintesis.com.ar\/index.php\/wp-json\/wp\/v2\/types\/post"}],"author":[{"embeddable":true,"href":"https:\/\/chacosintesis.com.ar\/index.php\/wp-json\/wp\/v2\/users\/1"}],"replies":[{"embeddable":true,"href":"https:\/\/chacosintesis.com.ar\/index.php\/wp-json\/wp\/v2\/comments?post=21780"}],"version-history":[{"count":0,"href":"https:\/\/chacosintesis.com.ar\/index.php\/wp-json\/wp\/v2\/posts\/21780\/revisions"}],"wp:featuredmedia":[{"embeddable":true,"href":"https:\/\/chacosintesis.com.ar\/index.php\/wp-json\/wp\/v2\/media\/21781"}],"wp:attachment":[{"href":"https:\/\/chacosintesis.com.ar\/index.php\/wp-json\/wp\/v2\/media?parent=21780"}],"wp:term":[{"taxonomy":"category","embeddable":true,"href":"https:\/\/chacosintesis.com.ar\/index.php\/wp-json\/wp\/v2\/categories?post=21780"},{"taxonomy":"post_tag","embeddable":true,"href":"https:\/\/chacosintesis.com.ar\/index.php\/wp-json\/wp\/v2\/tags?post=21780"}],"curies":[{"name":"wp","href":"https:\/\/api.w.org\/{rel}","templated":true}]}}