{"id":21766,"date":"2023-05-17T15:56:53","date_gmt":"2023-05-17T18:56:53","guid":{"rendered":"https:\/\/chacosintesis.com.ar\/?p=21766"},"modified":"2023-05-17T16:07:16","modified_gmt":"2023-05-17T19:07:16","slug":"capitanich-la-corte-suprema-de-justicia-responde-a-juntos-por-el-cambio-de-manera-que-existe-una-manipulacion-corporativa-que-restringe-la-democracia","status":"publish","type":"post","link":"https:\/\/chacosintesis.com.ar\/index.php\/capitanich-la-corte-suprema-de-justicia-responde-a-juntos-por-el-cambio-de-manera-que-existe-una-manipulacion-corporativa-que-restringe-la-democracia\/","title":{"rendered":"Capitanich: \u201cLa Corte Suprema de Justicia responde a Juntos por el Cambio de manera que existe una manipulaci\u00f3n corporativa que restringe la democracia\u201d"},"content":{"rendered":"<p>El gobernador se refiri\u00f3 a la carta que public\u00f3 la vicepresidenta Cristina Fern\u00e1ndez de Kirchner, donde reitera su decisi\u00f3n de no participar en las elecciones 2023.<br \/>\nEl gobernador Jorge Capitanich habl\u00f3 este mi\u00e9rcoles con la prensa chaque\u00f1a y sostuvo que la posici\u00f3n que tom\u00f3 la vicepresidenta Cristina Fern\u00e1ndez de Kirchner, responde a una estrategia de \u201camedrentamiento\u201d por parte de la Corte Suprema de Justicia de la Naci\u00f3n. En este sentido, manifest\u00f3 que \u201csu decisi\u00f3n del 6 de diciembre del 2022 no fue espasm\u00f3dica sino realmente fue una aseveraci\u00f3n\u201d.<br \/>\n\u201cLa Corte Suprema de Justicia es una corte parcial, responde a Juntos por el Cambio, de manera que  existe una manipulaci\u00f3n corporativa que restringe la democracia e impide la participaci\u00f3n de los candidatos para ser elegidos libremente\u201d, expres\u00f3 el gobernador del Chaco y dijo que esto se hace a trav\u00e9s de causas inventadas o procesos fallidos que \u201cson vergonzosos\u201d.<br \/>\nCapitanich sostiene que se trata de una proscripci\u00f3n, \u201cno una falta de voluntad pol\u00edtica\u201d, y a\u00f1adi\u00f3 que en Argentina \u201chay una libertad vigilada y una democracia restringida\u201d.<br \/>\nDe esta manera, el gobernador dijo que el Frente de Todos debe resolver si se va a seguir nombrando de esa forma, si se va a mantener el sistema de alianzas con los partidos que lo conforman y en tercer lugar, si se va a definir una metodolog\u00eda de varias listas en primarias o una lista \u00fanica.<br \/>\n\u201cPersonalmente considero que es necesario que se consolide un debate, respecto de la construcci\u00f3n de un  gobierno s\u00f3lido y sostenible\u201d, expres\u00f3 Capitanich. Adem\u00e1s enfatiz\u00f3 en que se debe dar un debate sobre los equipos t\u00e9cnicos y profesionales \u201ccapaces de instrumentar el mismo\u201d.<br \/>\nEl primer mandatario provincial dijo que \u201ces necesario que la rep\u00fablica Argentina se encauce en un debate serio de un plan de gobierno\u201d.<br \/>\n\u201cEs un mundo de alta incertidumbre y de extrema complejidad, por lo tanto no se puede improvisar. Se necesita un liderazgo con experiencia y con capacidad de conducci\u00f3n de las pol\u00edticas p\u00fablicas\u201d, expres\u00f3.<br \/>\nEl gobernador manifest\u00f3 que \u201ccada vez que el establishment nacional e internacional nos quiere imponer candidatos que son te\u00f3ricamente cre\u00edbles y confiables, es el pueblo es el m\u00e1s perjudicado\u201d<br \/>\nManifest\u00f3 su inclinaci\u00f3n a las primarias que permitir\u00e1n la elecci\u00f3n de la conducci\u00f3n del Partido Justicialista y reiter\u00f3 la necesidad de dar un debate sobre el federalismo, ya que  \u201cpercibo que todos los candidatos son de Buenos Aires\u201d, indic\u00f3.<\/p>\n","protected":false},"excerpt":{"rendered":"<p>El gobernador se refiri\u00f3 a la carta que public\u00f3 la vicepresidenta Cristina Fern\u00e1ndez de Kirchner, donde reitera su decisi\u00f3n de no participar en las elecciones 2023. El gobernador Jorge Capitanich habl\u00f3 este mi\u00e9rcoles con la prensa chaque\u00f1a y sostuvo que la posici\u00f3n que tom\u00f3 la vicepresidenta Cristina Fern\u00e1ndez de Kirchner, responde a una estrategia de [&hellip;]<\/p>\n","protected":false},"author":1,"featured_media":21767,"comment_status":"closed","ping_status":"closed","sticky":false,"template":"","format":"standard","meta":{"footnotes":""},"categories":[6],"tags":[],"class_list":{"0":"post-21766","1":"post","2":"type-post","3":"status-publish","4":"format-standard","5":"has-post-thumbnail","7":"category-chaco"},"_links":{"self":[{"href":"https:\/\/chacosintesis.com.ar\/index.php\/wp-json\/wp\/v2\/posts\/21766","targetHints":{"allow":["GET"]}}],"collection":[{"href":"https:\/\/chacosintesis.com.ar\/index.php\/wp-json\/wp\/v2\/posts"}],"about":[{"href":"https:\/\/chacosintesis.com.ar\/index.php\/wp-json\/wp\/v2\/types\/post"}],"author":[{"embeddable":true,"href":"https:\/\/chacosintesis.com.ar\/index.php\/wp-json\/wp\/v2\/users\/1"}],"replies":[{"embeddable":true,"href":"https:\/\/chacosintesis.com.ar\/index.php\/wp-json\/wp\/v2\/comments?post=21766"}],"version-history":[{"count":0,"href":"https:\/\/chacosintesis.com.ar\/index.php\/wp-json\/wp\/v2\/posts\/21766\/revisions"}],"wp:featuredmedia":[{"embeddable":true,"href":"https:\/\/chacosintesis.com.ar\/index.php\/wp-json\/wp\/v2\/media\/21767"}],"wp:attachment":[{"href":"https:\/\/chacosintesis.com.ar\/index.php\/wp-json\/wp\/v2\/media?parent=21766"}],"wp:term":[{"taxonomy":"category","embeddable":true,"href":"https:\/\/chacosintesis.com.ar\/index.php\/wp-json\/wp\/v2\/categories?post=21766"},{"taxonomy":"post_tag","embeddable":true,"href":"https:\/\/chacosintesis.com.ar\/index.php\/wp-json\/wp\/v2\/tags?post=21766"}],"curies":[{"name":"wp","href":"https:\/\/api.w.org\/{rel}","templated":true}]}}