{"id":21764,"date":"2023-05-17T15:55:30","date_gmt":"2023-05-17T18:55:30","guid":{"rendered":"https:\/\/chacosintesis.com.ar\/?p=21764"},"modified":"2023-05-17T16:07:15","modified_gmt":"2023-05-17T19:07:15","slug":"inclusion-digital-mil-docentes-de-nuestra-provincia-ya-fueron-beneficiados-con-este-credito","status":"publish","type":"post","link":"https:\/\/chacosintesis.com.ar\/index.php\/inclusion-digital-mil-docentes-de-nuestra-provincia-ya-fueron-beneficiados-con-este-credito\/","title":{"rendered":"Inclusi\u00f3n Digital: \u201cMil docentes de nuestra provincia ya fueron beneficiados con este cr\u00e9dito\u201d"},"content":{"rendered":"<p>La coordinadora del Gabinete Educativo habl\u00f3 sobre la iniciativa y record\u00f3 la extensi\u00f3n del plazo para la inscripci\u00f3n al programa que ofrece cr\u00e9ditos no bancarizados para la compra de computadoras en 12, 24 o 36 cuotas.<br \/>\nLa coordinadora del Gabinete Educativo del Chaco, Mar\u00eda de los \u00c1ngeles Phipps, dialog\u00f3 con Radio Provincia del Chaco sobre la extensi\u00f3n del periodo de inscripci\u00f3n del programa \u201cInclusi\u00f3n Digital Docente\u201d, destinado a docentes de toda la provincia. En ese sentido, las y los interesados tendr\u00e1n tiempo de postularse hasta el domingo 21 de mayo inclusive, para acceder a un cr\u00e9dito a tasa cero para la adquisici\u00f3n de computadoras.<br \/>\nPhipps habl\u00f3 sobre el programa y destac\u00f3 la importancia de este tipo de proyectos. \u201cSe trata de una inversi\u00f3n del Estado para que los docentes puedan acceder a un cr\u00e9dito no bancarizado a tasa cero y que puedan comprarse una computadora en 12, 24 o 36 cuotas, como ellos lo elijan, y que puedan mantener fija la cuota y que el acceso a este beneficio sea realmente accesible y que no se dispare a precios exorbitantes\u201d, detall\u00f3.<br \/>\n\u201cVenimos trabajando en diferentes pol\u00edticas que tienen como eje principal poder aportar a la continuidad pedag\u00f3gica de los estudiantes y a la formaci\u00f3n continua y permanente de los docentes\u201d, destac\u00f3 Phipps. En ese sentido, explic\u00f3 que el Ministerio de Educaci\u00f3n cuenta con 19 regionales educativas que permiten hacer este trabajo.<br \/>\nAdem\u00e1s del programa de Inclusi\u00f3n Digital Docente, otro proyecto dedicado a la educaci\u00f3n es el programa Construir Futuro, destinado a j\u00f3venes universitarios y universitarias que est\u00e1n form\u00e1ndose como futuros profesionales. En ese sentido, Phipps dijo que este tipo de programas sirven para fortalecer la educaci\u00f3n \u201ccomo herramienta de transformaci\u00f3n y de cohesi\u00f3n social en nuestra sociedad\u201d.<br \/>\nSiguiendo con el programa de Inclusi\u00f3n Digital Docente, Phipps remarc\u00f3 que se extendi\u00f3 hasta el 21 de mayo y que, el fin de semana, entregaron las \u00faltimas 80 tarjetas a beneficiarios y beneficiarias del cr\u00e9dito. \u201cMil docentes de 38 localidades de nuestra provincia ya fueron beneficiados con este cr\u00e9dito\u201d, manifest\u00f3. Por \u00faltimo, reiter\u00f3 que \u201ctodos los docentes de la provincia del Chaco que est\u00e9n ejerciendo la profesi\u00f3n en cualquier nivel y modalidad\u201d pueden acceder al beneficio.<\/p>\n","protected":false},"excerpt":{"rendered":"<p>La coordinadora del Gabinete Educativo habl\u00f3 sobre la iniciativa y record\u00f3 la extensi\u00f3n del plazo para la inscripci\u00f3n al programa que ofrece cr\u00e9ditos no bancarizados para la compra de computadoras en 12, 24 o 36 cuotas. La coordinadora del Gabinete Educativo del Chaco, Mar\u00eda de los \u00c1ngeles Phipps, dialog\u00f3 con Radio Provincia del Chaco sobre [&hellip;]<\/p>\n","protected":false},"author":1,"featured_media":21765,"comment_status":"closed","ping_status":"closed","sticky":false,"template":"","format":"standard","meta":{"footnotes":""},"categories":[6],"tags":[],"class_list":{"0":"post-21764","1":"post","2":"type-post","3":"status-publish","4":"format-standard","5":"has-post-thumbnail","7":"category-chaco"},"_links":{"self":[{"href":"https:\/\/chacosintesis.com.ar\/index.php\/wp-json\/wp\/v2\/posts\/21764","targetHints":{"allow":["GET"]}}],"collection":[{"href":"https:\/\/chacosintesis.com.ar\/index.php\/wp-json\/wp\/v2\/posts"}],"about":[{"href":"https:\/\/chacosintesis.com.ar\/index.php\/wp-json\/wp\/v2\/types\/post"}],"author":[{"embeddable":true,"href":"https:\/\/chacosintesis.com.ar\/index.php\/wp-json\/wp\/v2\/users\/1"}],"replies":[{"embeddable":true,"href":"https:\/\/chacosintesis.com.ar\/index.php\/wp-json\/wp\/v2\/comments?post=21764"}],"version-history":[{"count":0,"href":"https:\/\/chacosintesis.com.ar\/index.php\/wp-json\/wp\/v2\/posts\/21764\/revisions"}],"wp:featuredmedia":[{"embeddable":true,"href":"https:\/\/chacosintesis.com.ar\/index.php\/wp-json\/wp\/v2\/media\/21765"}],"wp:attachment":[{"href":"https:\/\/chacosintesis.com.ar\/index.php\/wp-json\/wp\/v2\/media?parent=21764"}],"wp:term":[{"taxonomy":"category","embeddable":true,"href":"https:\/\/chacosintesis.com.ar\/index.php\/wp-json\/wp\/v2\/categories?post=21764"},{"taxonomy":"post_tag","embeddable":true,"href":"https:\/\/chacosintesis.com.ar\/index.php\/wp-json\/wp\/v2\/tags?post=21764"}],"curies":[{"name":"wp","href":"https:\/\/api.w.org\/{rel}","templated":true}]}}