{"id":21760,"date":"2023-05-17T15:50:10","date_gmt":"2023-05-17T18:50:10","guid":{"rendered":"https:\/\/chacosintesis.com.ar\/?p=21760"},"modified":"2023-05-17T16:07:14","modified_gmt":"2023-05-17T19:07:14","slug":"este-viernes-el-gobierno-paga-el-refrigerio-a-la-administracion-publica","status":"publish","type":"post","link":"https:\/\/chacosintesis.com.ar\/index.php\/este-viernes-el-gobierno-paga-el-refrigerio-a-la-administracion-publica\/","title":{"rendered":"Este viernes el Gobierno paga el Refrigerio a la administraci\u00f3n p\u00fablica"},"content":{"rendered":"<p>En tanto, el lunes 29 y el martes 30 se abonar\u00e1, con un incremento del 10%, los salarios de las y los jubilados y de las y los trabajadores activos, respectivamente.<br \/>\nEl Ministerio de Planificaci\u00f3n, Econom\u00eda e Infraestructura inform\u00f3 que este viernes se abonar\u00e1 el Refrigerio a las y los trabajadores activos de la administraci\u00f3n p\u00fablica provincial, que tendr\u00e1 un significativo aumento, el primero de los tres anunciados por el gobierno provincial. En esta primera etapa, el aumento del Refrigerio, que se deposita en la tarjeta Tuya Recargable, ser\u00e1 de $8.000, pasando de los $16.5000 a $24.500 en mayo. En junio habr\u00e1 otro aumento de $4.000 a para llegar a un total de $28.500. Luego, en julio, habr\u00e1 una tercera suba de $4.000 para alcanzar los $32.500.<\/p>\n<p>Salarios<\/p>\n<p>El ministro de Planificaci\u00f3n, Econom\u00eda e Infraestructura Santiago P\u00e9rez Pons tambi\u00e9n confirm\u00f3 el pago de sueldos a las y los jubilados provinciales, como as\u00ed tambi\u00e9n para las y los trabajadores activos de la Administraci\u00f3n P\u00fablica Provincial. En ambos casos con un aumento del 10%. El pr\u00f3ximo lunes 29 ser\u00e1 el turno de las y los jubilados provinciales, quienes a partir de las 21 tendr\u00e1n disponibles sus haberes en los cajeros autom\u00e1ticos del Nuevo Banco del Chaco. Un d\u00eda despu\u00e9s, podr\u00e1n cobrar por ventanilla en las sucursales habilitadas por la entidad crediticia. Mientras que las y los trabajadores activos cobrar\u00e1n sus sueldos el pr\u00f3ximo martes 30, cuando tendr\u00e1n disponibles sus haberes en cajeros autom\u00e1ticos del NBCH. Un d\u00eda despu\u00e9s, podr\u00e1n retirar sus sueldos por ventanilla en las sucursales habilitadas por el banco provincial. \u201cPara 2023, el objetivo es sostener que los sueldos contin\u00faen por encima de la previsi\u00f3n inflacionaria, teniendo en cuenta la prioridad del proceso de recomposici\u00f3n salarial en los \u00faltimos tres a\u00f1os\u201d, ratific\u00f3 el titular de la cartera econ\u00f3mica provincial.<\/p>\n","protected":false},"excerpt":{"rendered":"<p>En tanto, el lunes 29 y el martes 30 se abonar\u00e1, con un incremento del 10%, los salarios de las y los jubilados y de las y los trabajadores activos, respectivamente. El Ministerio de Planificaci\u00f3n, Econom\u00eda e Infraestructura inform\u00f3 que este viernes se abonar\u00e1 el Refrigerio a las y los trabajadores activos de la administraci\u00f3n [&hellip;]<\/p>\n","protected":false},"author":1,"featured_media":21761,"comment_status":"closed","ping_status":"closed","sticky":false,"template":"","format":"standard","meta":{"footnotes":""},"categories":[6],"tags":[],"class_list":{"0":"post-21760","1":"post","2":"type-post","3":"status-publish","4":"format-standard","5":"has-post-thumbnail","7":"category-chaco"},"_links":{"self":[{"href":"https:\/\/chacosintesis.com.ar\/index.php\/wp-json\/wp\/v2\/posts\/21760","targetHints":{"allow":["GET"]}}],"collection":[{"href":"https:\/\/chacosintesis.com.ar\/index.php\/wp-json\/wp\/v2\/posts"}],"about":[{"href":"https:\/\/chacosintesis.com.ar\/index.php\/wp-json\/wp\/v2\/types\/post"}],"author":[{"embeddable":true,"href":"https:\/\/chacosintesis.com.ar\/index.php\/wp-json\/wp\/v2\/users\/1"}],"replies":[{"embeddable":true,"href":"https:\/\/chacosintesis.com.ar\/index.php\/wp-json\/wp\/v2\/comments?post=21760"}],"version-history":[{"count":0,"href":"https:\/\/chacosintesis.com.ar\/index.php\/wp-json\/wp\/v2\/posts\/21760\/revisions"}],"wp:featuredmedia":[{"embeddable":true,"href":"https:\/\/chacosintesis.com.ar\/index.php\/wp-json\/wp\/v2\/media\/21761"}],"wp:attachment":[{"href":"https:\/\/chacosintesis.com.ar\/index.php\/wp-json\/wp\/v2\/media?parent=21760"}],"wp:term":[{"taxonomy":"category","embeddable":true,"href":"https:\/\/chacosintesis.com.ar\/index.php\/wp-json\/wp\/v2\/categories?post=21760"},{"taxonomy":"post_tag","embeddable":true,"href":"https:\/\/chacosintesis.com.ar\/index.php\/wp-json\/wp\/v2\/tags?post=21760"}],"curies":[{"name":"wp","href":"https:\/\/api.w.org\/{rel}","templated":true}]}}