{"id":21748,"date":"2023-05-17T15:35:48","date_gmt":"2023-05-17T18:35:48","guid":{"rendered":"https:\/\/chacosintesis.com.ar\/?p=21748"},"modified":"2023-05-17T15:36:52","modified_gmt":"2023-05-17T18:36:52","slug":"perez-pons-anuncio-un-adelanto-de-aumento-salarial-para-judiciales","status":"publish","type":"post","link":"https:\/\/chacosintesis.com.ar\/index.php\/perez-pons-anuncio-un-adelanto-de-aumento-salarial-para-judiciales\/","title":{"rendered":"P\u00e9rez Pons anunci\u00f3 un adelanto de aumento salarial para judiciales"},"content":{"rendered":"<p>El 10% previsto para julio se abonar\u00e1 en mayo. Alcanza tanto a las y los trabajadores activos como a las y los jubilados. Adem\u00e1s, se percibir\u00e1 este mes una suma fija de $5.000, tal como hab\u00eda sido acordado en marzo.<br \/>\nEl ministro de Planificaci\u00f3n, Econom\u00eda e Infraestructura Santiago P\u00e9rez Pons, anunci\u00f3 que las y los trabajadores judiciales, as\u00ed como tambi\u00e9n las y los jubilados del sector, recibir\u00e1n este mes un anticipo del aumento salarial previsto para julio. Concretamente, cobrar\u00e1n un adelanto del 10% como anticipo de la pauta salarial prevista para julio, m\u00e1s una suma fija de $5.000, que corresponde al acuerdo salarial alcanzado en marzo.<br \/>\n\u201cRatificamos una vez m\u00e1s que los salarios le van a ganar a la inflaci\u00f3n\u201d, asegur\u00f3 el titular de la cartera econ\u00f3mica chaque\u00f1a, quien se reuni\u00f3 este mi\u00e9rcoles con representantes sindicales de judiciales, para avanzar en este entendimiento que permite que los salarios le ganen a la inflaci\u00f3n, tal como es el compromiso de la gesti\u00f3n Capitanich.<br \/>\n\u201cNuestro objetivo, en el marco de las negociaciones que mantenemos con todos los sectores, es siempre lograr una pol\u00edtica salarial previsible, que el salario le gane a la inflaci\u00f3n y que exista una recuperaci\u00f3n efectiva del poder adquisitivo del sector p\u00fablico provincial\u201d, se\u00f1al\u00f3 P\u00e9rez Pons.<br \/>\nEl ministro de Planificaci\u00f3n, Econom\u00eda e Infraestructura record\u00f3 que a la pol\u00edtica de recomposici\u00f3n salarial se le suman otras medidas de acci\u00f3n para proteger el poder adquisitivo de las y los chaque\u00f1os, como el programa Ahorr\u00e1 Chaco, con descuentos en farmacias y supermercados.<\/p>\n","protected":false},"excerpt":{"rendered":"<p>El 10% previsto para julio se abonar\u00e1 en mayo. Alcanza tanto a las y los trabajadores activos como a las y los jubilados. Adem\u00e1s, se percibir\u00e1 este mes una suma fija de $5.000, tal como hab\u00eda sido acordado en marzo. El ministro de Planificaci\u00f3n, Econom\u00eda e Infraestructura Santiago P\u00e9rez Pons, anunci\u00f3 que las y los [&hellip;]<\/p>\n","protected":false},"author":1,"featured_media":21749,"comment_status":"closed","ping_status":"closed","sticky":false,"template":"","format":"standard","meta":{"footnotes":""},"categories":[6],"tags":[],"class_list":{"0":"post-21748","1":"post","2":"type-post","3":"status-publish","4":"format-standard","5":"has-post-thumbnail","7":"category-chaco"},"_links":{"self":[{"href":"https:\/\/chacosintesis.com.ar\/index.php\/wp-json\/wp\/v2\/posts\/21748","targetHints":{"allow":["GET"]}}],"collection":[{"href":"https:\/\/chacosintesis.com.ar\/index.php\/wp-json\/wp\/v2\/posts"}],"about":[{"href":"https:\/\/chacosintesis.com.ar\/index.php\/wp-json\/wp\/v2\/types\/post"}],"author":[{"embeddable":true,"href":"https:\/\/chacosintesis.com.ar\/index.php\/wp-json\/wp\/v2\/users\/1"}],"replies":[{"embeddable":true,"href":"https:\/\/chacosintesis.com.ar\/index.php\/wp-json\/wp\/v2\/comments?post=21748"}],"version-history":[{"count":0,"href":"https:\/\/chacosintesis.com.ar\/index.php\/wp-json\/wp\/v2\/posts\/21748\/revisions"}],"wp:featuredmedia":[{"embeddable":true,"href":"https:\/\/chacosintesis.com.ar\/index.php\/wp-json\/wp\/v2\/media\/21749"}],"wp:attachment":[{"href":"https:\/\/chacosintesis.com.ar\/index.php\/wp-json\/wp\/v2\/media?parent=21748"}],"wp:term":[{"taxonomy":"category","embeddable":true,"href":"https:\/\/chacosintesis.com.ar\/index.php\/wp-json\/wp\/v2\/categories?post=21748"},{"taxonomy":"post_tag","embeddable":true,"href":"https:\/\/chacosintesis.com.ar\/index.php\/wp-json\/wp\/v2\/tags?post=21748"}],"curies":[{"name":"wp","href":"https:\/\/api.w.org\/{rel}","templated":true}]}}