{"id":21746,"date":"2023-05-17T15:33:05","date_gmt":"2023-05-17T18:33:05","guid":{"rendered":"https:\/\/chacosintesis.com.ar\/?p=21746"},"modified":"2023-05-17T15:36:50","modified_gmt":"2023-05-17T18:36:50","slug":"se-presento-el-programa-de-recuperadores-urbanos-que-apunta-a-la-gestion-integral-de-residuos-erradicacion-de-basurales-y-valorizacion-de-las-organizaciones-locales","status":"publish","type":"post","link":"https:\/\/chacosintesis.com.ar\/index.php\/se-presento-el-programa-de-recuperadores-urbanos-que-apunta-a-la-gestion-integral-de-residuos-erradicacion-de-basurales-y-valorizacion-de-las-organizaciones-locales\/","title":{"rendered":"Se present\u00f3 el Programa de Recuperadores Urbanos que apunta a la gesti\u00f3n integral de residuos, erradicaci\u00f3n de basurales y valorizaci\u00f3n de las organizaciones locales"},"content":{"rendered":"<p>El  programa de Recuperadores Urbanos, tiene por objetivos  reciclar entre el 20 y 37 % de los residuos s\u00f3lidos que se generan, aumentar la estructura de ingresos para las organizaciones que forman parte del trabajo de reciclado urbano y lograr una ciudad limpia. Fue presentado por el gobernador Jorge Capitanich en el marco del D\u00eda Mundial del Reciclaje.<br \/>\nEl gobernador Jorge Capitanich, junto con la vicegobernadora Anal\u00eda Rach Quiroga, realizaron este mi\u00e9rcoles el lanzamiento del Programa de Recuperadores Urbanos, en el marco de la conmemoraci\u00f3n del D\u00eda Mundial del Reciclaje. El programa tiene por objetivo  promover la gesti\u00f3n integral e inclusiva de residuos desde la perspectiva de la econom\u00eda circular, fomentando la separaci\u00f3n de materiales reciclables en origen y su posterior recolecci\u00f3n y valorizaci\u00f3n a trav\u00e9s de la venta. La presentaci\u00f3n se  realiz\u00f3 en el Polideportivo Jaime Zapata en la zona sur de la ciudad.<br \/>\nCapitanich asegur\u00f3 que este programa se propone implementar una red de recolecci\u00f3n, clasificaci\u00f3n y reciclaje para garantizar un ambiente m\u00e1s limpio y rentable para las organizaciones locales.<br \/>\nEl gobernador record\u00f3 que en la provincia del Chaco se generan cerca de 1200 toneladas por d\u00eda de producci\u00f3n de basura  (residuos s\u00f3lidos urbanos). Eso significa el equivalente aproximadamente a un kilo por persona, con una proyecci\u00f3n cercana a 1.200.000 habitantes. En este sentido la provincia cuenta con 26 plantas de gesti\u00f3n de residuos s\u00f3lidos urbanos, dos que est\u00e1n en proceso de funcionamiento pr\u00f3ximo y se necesitan llegar a una red entre 36 y 38 plantas en todo el territorio provincial con el objeto de procesar y tratar estos residuos<br \/>\nEl gobernador destac\u00f3 que en la jornada est\u00e1n presentes una muestra de las cerca de 650 organizaciones que bregaron por el derecho del ambiente sano. \u201cQueremos empezar a implementar gradualmente una red de cobertura territorial, empezando por el \u00e1rea metropolitana del Gran Resistencia, con el objetivo de garantizar una ciudad m\u00e1s limpia\u201d, destac\u00f3.<br \/>\nEn este sentido se\u00f1al\u00f3 que Resistencia necesita una inversi\u00f3n cercana a los 15 millones de d\u00f3lares con financiamiento internacional para hacer transferencias de cargas y despu\u00e9s la disposici\u00f3n final. \u201cNecesitamos entre todos y todas hacer un gran esfuerzo y un gran trabajo para eso. Queremos ir avanzando paso a paso\u201d, dijo.<br \/>\n\u201cVamos a implementar gradualmente una red de cobertura territorial para controlar la proliferaci\u00f3n de basurales a cielo abierto y con el objetivo de garantizar ciudades m\u00e1s limpias\u201d, dijo.  En este sentido se\u00f1al\u00f3: \u201cCada organizaci\u00f3n cuanto m\u00e1s vidrio, madera, hierro y pl\u00e1sticos puedan recolectar, recopilar y clasificar, m\u00e1s podr\u00e1 vender logrando m\u00e1s ingresos. Pretendemos que cada una de las organizaciones vaya adquiriendo uniformes y equipamiento para mejorar la recolecci\u00f3n de los residuos\u201d.<br \/>\nCapitanich insisti\u00f3 en que unos de los objetivos del programa  es la erradicaci\u00f3n definitiva de los basurales a cielo abierto, adem\u00e1s de reciclar entre el 20 y 37 % de los residuos s\u00f3lidos que se generan, aumentar la estructura de ingresos para las organizaciones que forman parte del trabajo de reciclado urbano y lograr una ciudad limpia.<br \/>\nEste programa va de la mano con cuidar y proteger los espacios p\u00fablicos. En el \u00e1rea metropolitana de la ciudad existen cerca de 500 espacios p\u00fablicos , plazas  y plazoletas.<br \/>\nAcompa\u00f1aron al gobernador del lanzamiento del programa de Recuperadores Urbanos la ministra de Desarrollo Social, Mar\u00eda P\u00eda Chiacchio Cavana; la ministra de Ambiente y Desarrollo Territorial Sostenible, Marta Soneira; el ministro de Planificaci\u00f3n, Infraestructura y Econom\u00eda, Santiago Perez Pons; el presidente del Instituto de Agricultura Familiar y Econom\u00eda Popular, Mauro Andi\u00f3n, referentes de empresas recuperadoras y cooperativas vinculadas al sector.<\/p>\n<p>Organizaciones sociales con conciencia social y popular<\/p>\n<p>Capitanich asegur\u00f3 que la participaci\u00f3n de las organizaciones sociales con conciencia social y popular son fundamentales para evitar la toma del territorio por el narcotr\u00e1fico.<br \/>\n\u201cUstedes ( dirigi\u00e9ndose a las organizaciones presentes)  son verdaderamente el lugar a partir para avanzar con con la dignidad del trabajo, con la conciencia social y con vectores de estrategia de crecimiento e inclusi\u00f3n social para que garantizar que nuestros ni\u00f1os, ni\u00f1as, adolescentes y j\u00f3venes se puedan criar sana y dignamente\u201d, dijo el gobernador.<br \/>\nEn este contexto el gobernador convoc\u00f3 a las organizaciones que trabajan en la denominada econom\u00eda circular a trabajar con el objetivo de lograr que entre este a\u00f1o y el pr\u00f3ximo se puedan erradicar los basurales a cielo abierto.<br \/>\nY reitero el compromiso para lograr una expansi\u00f3n de la estructura de ingreso de las organizaciones, sumar equipamiento en condiciones, sumar camiones para cargar y recoger los residuos, uniformes de buena calidad y herramientas necesarias. En este sentido se apunta a contar con un sistema de transferencia de cargas.<br \/>\n\u201cNosotros defendemos el valor de la econom\u00eda ambiental, de la econom\u00eda circular y defendemos el valor de las organizaciones sociales, de las cooperativas y de las fundaciones porque nos ayudan a trabajar en el territorio para reivindicar derechos\u201d, dijo Capitanich.<\/p>\n","protected":false},"excerpt":{"rendered":"<p>El programa de Recuperadores Urbanos, tiene por objetivos reciclar entre el 20 y 37 % de los residuos s\u00f3lidos que se generan, aumentar la estructura de ingresos para las organizaciones que forman parte del trabajo de reciclado urbano y lograr una ciudad limpia. Fue presentado por el gobernador Jorge Capitanich en el marco del D\u00eda [&hellip;]<\/p>\n","protected":false},"author":1,"featured_media":21747,"comment_status":"closed","ping_status":"closed","sticky":false,"template":"","format":"standard","meta":{"footnotes":""},"categories":[6],"tags":[],"class_list":{"0":"post-21746","1":"post","2":"type-post","3":"status-publish","4":"format-standard","5":"has-post-thumbnail","7":"category-chaco"},"_links":{"self":[{"href":"https:\/\/chacosintesis.com.ar\/index.php\/wp-json\/wp\/v2\/posts\/21746","targetHints":{"allow":["GET"]}}],"collection":[{"href":"https:\/\/chacosintesis.com.ar\/index.php\/wp-json\/wp\/v2\/posts"}],"about":[{"href":"https:\/\/chacosintesis.com.ar\/index.php\/wp-json\/wp\/v2\/types\/post"}],"author":[{"embeddable":true,"href":"https:\/\/chacosintesis.com.ar\/index.php\/wp-json\/wp\/v2\/users\/1"}],"replies":[{"embeddable":true,"href":"https:\/\/chacosintesis.com.ar\/index.php\/wp-json\/wp\/v2\/comments?post=21746"}],"version-history":[{"count":0,"href":"https:\/\/chacosintesis.com.ar\/index.php\/wp-json\/wp\/v2\/posts\/21746\/revisions"}],"wp:featuredmedia":[{"embeddable":true,"href":"https:\/\/chacosintesis.com.ar\/index.php\/wp-json\/wp\/v2\/media\/21747"}],"wp:attachment":[{"href":"https:\/\/chacosintesis.com.ar\/index.php\/wp-json\/wp\/v2\/media?parent=21746"}],"wp:term":[{"taxonomy":"category","embeddable":true,"href":"https:\/\/chacosintesis.com.ar\/index.php\/wp-json\/wp\/v2\/categories?post=21746"},{"taxonomy":"post_tag","embeddable":true,"href":"https:\/\/chacosintesis.com.ar\/index.php\/wp-json\/wp\/v2\/tags?post=21746"}],"curies":[{"name":"wp","href":"https:\/\/api.w.org\/{rel}","templated":true}]}}