{"id":21742,"date":"2023-05-17T15:27:23","date_gmt":"2023-05-17T18:27:23","guid":{"rendered":"https:\/\/chacosintesis.com.ar\/?p=21742"},"modified":"2023-05-17T15:36:48","modified_gmt":"2023-05-17T18:36:48","slug":"avanzan-las-obras-de-infraestructura-vial-en-el-barrio-resur-de-resistencia","status":"publish","type":"post","link":"https:\/\/chacosintesis.com.ar\/index.php\/avanzan-las-obras-de-infraestructura-vial-en-el-barrio-resur-de-resistencia\/","title":{"rendered":"Avanzan las obras de infraestructura vial en el barrio Resur de Resistencia"},"content":{"rendered":"<p>\u201cNosotros tenemos el compromiso con la gente, independientemente de las responsabilidades vamos a darle respuestas a todos los que podemos\u201d, afirm\u00f3 el ministro Santiago P\u00e9rez Pons.<br \/>\nEl ministro de Planificaci\u00f3n, Econom\u00eda e Infraestructura, Santiago P\u00e9rez Pons; el presidente del Instituto Provincial de Desarrollo Urbano y Vivienda (IPDUV), Diego Ar\u00e9valo; y el administrador General de la Direcci\u00f3n de Vialidad Provincial (DVP), Hugo Varela; recorrieron obras de infraestructura vial que se ejecutan en el barrio Resur de la zona sur de Resistencia. \u201cPor un pedido de urgencia de las y los vecinos vinimos a dar respuestas porque hace diez d\u00edas tuvimos un proceso de lluvia que complejiz\u00f3 a todos los que habitan el barrio Resur y de la Avenida Hernandarias a partir del 3500 por una ausencia del Municipio muy importante\u201d, detall\u00f3 P\u00e9rez Pons. En la ocasi\u00f3n se constat\u00f3 la intervenci\u00f3n de enripiado que se lleva a cabo en las calles ubicadas en avenida Hernandarias al 3.500 con el objetivo de responder a las demandas poblacionales de la zona ante la falta de respuestas del Municipio. La obra tendr\u00e1 un alto impacto en las tareas cotidianas que desarrollan miles de personas en el barrio debido a que la falta de soluciones estructurales dificulta la transitabilidad de las y los vecinos luego de los d\u00edas de intensa lluvia. \u201cLa ausencia del municipio hace que nuestro trabajo en la provincia sea mucho m\u00e1s complicado porque tenemos nuestras funciones espec\u00edficas. Nos hacemos cargo de la educaci\u00f3n, de la salud, de la justicia, de la seguridad y la inclusi\u00f3n social. Pero el estado de las calles, la iluminaci\u00f3n y la recolecci\u00f3n de basura deben ser funciones municipales sin embargo hace una semana estuvo todo el barrio sin poder salir a ra\u00edz de las condiciones de anegamiento\u201d, enfatiz\u00f3 el ministro. El proyecto articulado entre el Ministerio de Planificaci\u00f3n, Econom\u00eda e Infraestructura y Vialidad Provincial incluye la refacci\u00f3n estructural del barrio Resur y parte de la avenida Hernandarias. Adem\u00e1s, junto a la Subsecretar\u00eda de Energ\u00eda realizar\u00e1n acciones para el alumbrado p\u00fablico del barrio. \u201cNosotros tenemos el compromiso con la gente, independientemente de las responsabilidades vamos a darle respuestas a todos los que podemos. Seguimos el proceso de infraestructura, trabajando los siete d\u00edas de la semana para que todas las familias siempre est\u00e1n mejor\u201d, finaliz\u00f3 P\u00e9rez Pons. Asimismo, uno de los vecinos del barrio a\u00f1adi\u00f3: \u201cEn la \u00e9poca de lluvia es imposible salir, tuvimos muchos problemas con las calles, hicimos los reclamos y pudimos hacer el ripio y el acceso para todo el barrio. Estamos muy agradecidos con Santiago y con toda la gesti\u00f3n\u201d.<\/p>\n","protected":false},"excerpt":{"rendered":"<p>\u201cNosotros tenemos el compromiso con la gente, independientemente de las responsabilidades vamos a darle respuestas a todos los que podemos\u201d, afirm\u00f3 el ministro Santiago P\u00e9rez Pons. El ministro de Planificaci\u00f3n, Econom\u00eda e Infraestructura, Santiago P\u00e9rez Pons; el presidente del Instituto Provincial de Desarrollo Urbano y Vivienda (IPDUV), Diego Ar\u00e9valo; y el administrador General de la [&hellip;]<\/p>\n","protected":false},"author":1,"featured_media":21743,"comment_status":"closed","ping_status":"closed","sticky":false,"template":"","format":"standard","meta":{"footnotes":""},"categories":[6],"tags":[],"class_list":{"0":"post-21742","1":"post","2":"type-post","3":"status-publish","4":"format-standard","5":"has-post-thumbnail","7":"category-chaco"},"_links":{"self":[{"href":"https:\/\/chacosintesis.com.ar\/index.php\/wp-json\/wp\/v2\/posts\/21742","targetHints":{"allow":["GET"]}}],"collection":[{"href":"https:\/\/chacosintesis.com.ar\/index.php\/wp-json\/wp\/v2\/posts"}],"about":[{"href":"https:\/\/chacosintesis.com.ar\/index.php\/wp-json\/wp\/v2\/types\/post"}],"author":[{"embeddable":true,"href":"https:\/\/chacosintesis.com.ar\/index.php\/wp-json\/wp\/v2\/users\/1"}],"replies":[{"embeddable":true,"href":"https:\/\/chacosintesis.com.ar\/index.php\/wp-json\/wp\/v2\/comments?post=21742"}],"version-history":[{"count":0,"href":"https:\/\/chacosintesis.com.ar\/index.php\/wp-json\/wp\/v2\/posts\/21742\/revisions"}],"wp:featuredmedia":[{"embeddable":true,"href":"https:\/\/chacosintesis.com.ar\/index.php\/wp-json\/wp\/v2\/media\/21743"}],"wp:attachment":[{"href":"https:\/\/chacosintesis.com.ar\/index.php\/wp-json\/wp\/v2\/media?parent=21742"}],"wp:term":[{"taxonomy":"category","embeddable":true,"href":"https:\/\/chacosintesis.com.ar\/index.php\/wp-json\/wp\/v2\/categories?post=21742"},{"taxonomy":"post_tag","embeddable":true,"href":"https:\/\/chacosintesis.com.ar\/index.php\/wp-json\/wp\/v2\/tags?post=21742"}],"curies":[{"name":"wp","href":"https:\/\/api.w.org\/{rel}","templated":true}]}}