{"id":21733,"date":"2023-05-16T11:23:18","date_gmt":"2023-05-16T14:23:18","guid":{"rendered":"https:\/\/chacosintesis.com.ar\/?p=21733"},"modified":"2023-05-16T11:36:42","modified_gmt":"2023-05-16T14:36:42","slug":"capitanich-hay-que-apoyar-a-los-emprendedores-para-que-puedan-producir-mas","status":"publish","type":"post","link":"https:\/\/chacosintesis.com.ar\/index.php\/capitanich-hay-que-apoyar-a-los-emprendedores-para-que-puedan-producir-mas\/","title":{"rendered":"Capitanich: \u201cHay que apoyar a los emprendedores para que puedan producir m\u00e1s\u201d"},"content":{"rendered":"<p>El gobernador recorri\u00f3 las instalaciones de \u201cGenzio\u201d, Pyme que comercializa sus productos a trav\u00e9s de VetaNoble y que recibi\u00f3 un gran acompa\u00f1amiento del Gobierno Provincial para potenciar las cualidades de desarrollo desde sus inicios.<\/p>\n<p>El gobernador de la provincia Jorge Capitanich visit\u00f3 este martes por la ma\u00f1ana la empresa \u201cGenzio\u201d que se encuentra en Resistencia. Esta, se dedica desde el 2017 al dise\u00f1o y fabricaci\u00f3n de mobiliario y objetos de dise\u00f1o, los que a partir del 2019 comenzaron a comercializarse a trav\u00e9s de la firma local \u201cVetaNoble\u201d.<br \/>\nLuego de su recorrida, el gobernador destac\u00f3 que Genzio tuvo \u201cun salto cualitativo de emprendedor a Pyme\u201d y asegur\u00f3 que \u201cse va posicionando en el mercado con una cadena de valor de suministro de madera\u201d. \u201cEstamos muy contentos, hay que apoyar a los emprendedores para que puedan producir m\u00e1s y abastecer este mercado\u201d, remarc\u00f3.<br \/>\n La empresa actualmente se encuentran en proceso de expansi\u00f3n, incorporando m\u00e1quinas y trasladando sus actividades a un nuevo espacio f\u00edsico donde funciona la carpinter\u00eda m\u00e1s un showroom para la comercializaci\u00f3n de productos de forma directa, para lo cual accedieron a un financiamiento a trav\u00e9s de la l\u00ednea \u201cFortalecer MiPyME\u201d del Gobierno Provincial por $1.500.000 destinando el 70% a la adquisici\u00f3n de maquinaria y el 30% para adecuaciones edilicias.<br \/>\n\u201cEn este caso, estamos planteando una estrategia de financiamiento y, obviamente, esto indica expansi\u00f3n de la capacidad productiva y sostenibilidad para abastecer el mercado. Estamos integrando cadenas de valor de provisi\u00f3n y tambi\u00e9n de valor agregado en origen con la incorporaci\u00f3n de bienes de capital\u201d, destac\u00f3 el gobernador, y agreg\u00f3 que \u201cestas cuestiones tienen que ver con nuevas perspectivas para su desarrollo y progreso\u201d.<br \/>\nPotenciar la cadena<br \/>\n A su vez, el gobernador explic\u00f3 que con estos acompa\u00f1amientos \u201cvemos la posibilidad de potenciar dos cadenas que son muy importantes para nosotros: la foresto industrial y la textil\u201d, y explic\u00f3 que \u201ces muy importante observar que la cadena foresto industrial genera una potencialidad entre empleo formales e informales de cerca de 20.000 personas, y tenemos una base exportadora muy significativa cercana a los 150 millones de d\u00f3lares. Lo mismo estamos haciendo con los talleres textiles, que cada vez que estamos en nuestras administraciones los potenciamos, porque estos se transforman en pymes, las pymes en empresas y se puedan generar fortalecimiento de esas cadenas de valor. Tenemos cerca de 15.000 emprendedores y emprendedoras en toda la provincia, es muy bueno hacer esto, ver la evoluci\u00f3n\u201d.<br \/>\nFinalmente, el gobernador anticip\u00f3 que \u201cestamos trabajando en tener certificaci\u00f3n de origen y trazabilidad de la producci\u00f3n con el objeto de tener una base de penetraci\u00f3n en el mercado internacional\u201d, y explic\u00f3 que \u201cva a ser imposible poder comercializar un bien si no tenemos trazabilidad, y eso tiene que ver con sostenibilidad ambiental, a su vez con un marco regulatorio cuyo ejercicio se valide con las pol\u00edticas p\u00fablicas\u201d.<\/p>\n","protected":false},"excerpt":{"rendered":"<p>El gobernador recorri\u00f3 las instalaciones de \u201cGenzio\u201d, Pyme que comercializa sus productos a trav\u00e9s de VetaNoble y que recibi\u00f3 un gran acompa\u00f1amiento del Gobierno Provincial para potenciar las cualidades de desarrollo desde sus inicios. El gobernador de la provincia Jorge Capitanich visit\u00f3 este martes por la ma\u00f1ana la empresa \u201cGenzio\u201d que se encuentra en Resistencia. [&hellip;]<\/p>\n","protected":false},"author":1,"featured_media":21734,"comment_status":"closed","ping_status":"closed","sticky":false,"template":"","format":"standard","meta":{"footnotes":""},"categories":[6],"tags":[],"class_list":{"0":"post-21733","1":"post","2":"type-post","3":"status-publish","4":"format-standard","5":"has-post-thumbnail","7":"category-chaco"},"_links":{"self":[{"href":"https:\/\/chacosintesis.com.ar\/index.php\/wp-json\/wp\/v2\/posts\/21733","targetHints":{"allow":["GET"]}}],"collection":[{"href":"https:\/\/chacosintesis.com.ar\/index.php\/wp-json\/wp\/v2\/posts"}],"about":[{"href":"https:\/\/chacosintesis.com.ar\/index.php\/wp-json\/wp\/v2\/types\/post"}],"author":[{"embeddable":true,"href":"https:\/\/chacosintesis.com.ar\/index.php\/wp-json\/wp\/v2\/users\/1"}],"replies":[{"embeddable":true,"href":"https:\/\/chacosintesis.com.ar\/index.php\/wp-json\/wp\/v2\/comments?post=21733"}],"version-history":[{"count":0,"href":"https:\/\/chacosintesis.com.ar\/index.php\/wp-json\/wp\/v2\/posts\/21733\/revisions"}],"wp:featuredmedia":[{"embeddable":true,"href":"https:\/\/chacosintesis.com.ar\/index.php\/wp-json\/wp\/v2\/media\/21734"}],"wp:attachment":[{"href":"https:\/\/chacosintesis.com.ar\/index.php\/wp-json\/wp\/v2\/media?parent=21733"}],"wp:term":[{"taxonomy":"category","embeddable":true,"href":"https:\/\/chacosintesis.com.ar\/index.php\/wp-json\/wp\/v2\/categories?post=21733"},{"taxonomy":"post_tag","embeddable":true,"href":"https:\/\/chacosintesis.com.ar\/index.php\/wp-json\/wp\/v2\/tags?post=21733"}],"curies":[{"name":"wp","href":"https:\/\/api.w.org\/{rel}","templated":true}]}}