{"id":21712,"date":"2023-05-15T15:26:00","date_gmt":"2023-05-15T18:26:00","guid":{"rendered":"https:\/\/chacosintesis.com.ar\/?p=21712"},"modified":"2023-05-15T19:48:10","modified_gmt":"2023-05-15T22:48:10","slug":"cuesta-visito-el-merendero-ollita-solidaria-y-convoco-a-construir-una-sociedad-mas-solidaria","status":"publish","type":"post","link":"https:\/\/chacosintesis.com.ar\/index.php\/cuesta-visito-el-merendero-ollita-solidaria-y-convoco-a-construir-una-sociedad-mas-solidaria\/","title":{"rendered":"Cuesta visit\u00f3 el merendero Ollita Solidaria y convoc\u00f3 a construir una sociedad m\u00e1s solidaria"},"content":{"rendered":"\n<p>Con la premisa de recorrer y estar cerca de cada vecina y vecino para conocer las necesidades, la candidata a intendenta de Resistencia por el frente Corriente de Expresi\u00f3n Renovada (CER), Eli Cuesta, visit\u00f3 el merendero Ollita Solidaria, de Villa Don Andr\u00e9s. El lugar funciona desde el inicio de la pandemia, gracias al esfuerzo de un grupo de mujeres en la casa de Cristina Casco, asistiendo con la merienda y el almuerzo a m\u00e1s de 150 ni\u00f1as y ni\u00f1os.<\/p>\n\n\n\n<p>Cuesta agradeci\u00f3 a todas las personas que de manera solidaria y desinteresada ayudan a los que menos tienen brindando su tiempo y compromiso. \u201cComo decimos siempre, nosotros solamente somos un puente entre quienes m\u00e1s necesitan y la solidaridad de gente, como este hermoso grupo de mujeres que brinda un almuerzo y una tacita de leche\u201d, manifest\u00f3.<\/p>\n\n\n\n<p>Asimismo, remarc\u00f3 la importancia de inculcar principios y valores a las y los j\u00f3venes para construir una sociedad mejor entre todas y todos. \u201cNadie se realiza en una comunidad que no se realiza, por eso es necesario este tipo de lugares, porque dan la esperanza de construir juntos una sociedad mejor, inculcando valores como la solidaridad, el compromiso y la importancia de extender una mano amiga para que estas ni\u00f1as y ni\u00f1os vivan mejor y cumplan sus sue\u00f1os\u201d, marc\u00f3 la referente.<\/p>\n\n\n\n<p>Cambiar la realidad para construir sue\u00f1os<\/p>\n\n\n\n<p>Una de las mujeres solidarias, Erika Ferrazzano, coment\u00f3 que todo inici\u00f3 en la pandemia porque \u201cpens\u00e1bamos que pod\u00edamos hacer algo en un momento dif\u00edcil\u201d; y en ese sentido remarc\u00f3 que \u201cvimos una publicaci\u00f3n que dec\u00eda que est\u00e1bamos todos en el mismo mar, pero en diferentes barcos. Entonces pensamos qu\u00e9 podemos hacer y con Natalia Gomila fuimos a diferentes lugares tratando de llevar una olla con comida. Hasta que encontramos este lugar. Vinimos un d\u00eda, golpeamos la puerta y Cristina Casco nos abri\u00f3, sin pedirnos nada\u201d.<\/p>\n\n\n\n<p>El merendero Ollita Solidaria funciona en la calle Quijano 950 gracias a la colaboraci\u00f3n de Evelyn Garc\u00eda, Erika y Natalia Gomila, entre otras y otros. Tambi\u00e9n ofrece talleres de lectura, de escritura, cursos de cer\u00e1mica, dibujo, huertas, manualidades y teatro. \u201cAdem\u00e1s del plato de comida, lo recalco, queremos que ellos sue\u00f1en y tengan oportunidades, que m\u00e1s all\u00e1 del lugar en que les ha tocado nacer puedan acceder a un futuro mejor\u201d, asegur\u00f3 Ferrazzano.<\/p>\n\n\n\n<p>Finalmente, marc\u00f3 que todos quienes quieran colaborar con Ollita Solidaria acerquen su ayuda al Instituto de Danzas Ferrazzano, ubicado en Yrigoyen 490; o comunicarse a los tel\u00e9fonos 362-4941241 y 362-4890169 o por medio del Facebook \u201cOllita Solidaria de Coraz\u00f3n\u201d<\/p>\n","protected":false},"excerpt":{"rendered":"<p>Con la premisa de recorrer y estar cerca de cada vecina y vecino para conocer las necesidades, la candidata a intendenta de Resistencia por el frente Corriente de Expresi\u00f3n Renovada (CER), Eli Cuesta, visit\u00f3 el merendero Ollita Solidaria, de Villa Don Andr\u00e9s. El lugar funciona desde el inicio de la pandemia, gracias al esfuerzo de [&hellip;]<\/p>\n","protected":false},"author":1,"featured_media":21713,"comment_status":"closed","ping_status":"closed","sticky":false,"template":"","format":"standard","meta":{"footnotes":""},"categories":[6],"tags":[202],"class_list":{"0":"post-21712","1":"post","2":"type-post","3":"status-publish","4":"format-standard","5":"has-post-thumbnail","7":"category-chaco","8":"tag-legislatura"},"_links":{"self":[{"href":"https:\/\/chacosintesis.com.ar\/index.php\/wp-json\/wp\/v2\/posts\/21712","targetHints":{"allow":["GET"]}}],"collection":[{"href":"https:\/\/chacosintesis.com.ar\/index.php\/wp-json\/wp\/v2\/posts"}],"about":[{"href":"https:\/\/chacosintesis.com.ar\/index.php\/wp-json\/wp\/v2\/types\/post"}],"author":[{"embeddable":true,"href":"https:\/\/chacosintesis.com.ar\/index.php\/wp-json\/wp\/v2\/users\/1"}],"replies":[{"embeddable":true,"href":"https:\/\/chacosintesis.com.ar\/index.php\/wp-json\/wp\/v2\/comments?post=21712"}],"version-history":[{"count":0,"href":"https:\/\/chacosintesis.com.ar\/index.php\/wp-json\/wp\/v2\/posts\/21712\/revisions"}],"wp:featuredmedia":[{"embeddable":true,"href":"https:\/\/chacosintesis.com.ar\/index.php\/wp-json\/wp\/v2\/media\/21713"}],"wp:attachment":[{"href":"https:\/\/chacosintesis.com.ar\/index.php\/wp-json\/wp\/v2\/media?parent=21712"}],"wp:term":[{"taxonomy":"category","embeddable":true,"href":"https:\/\/chacosintesis.com.ar\/index.php\/wp-json\/wp\/v2\/categories?post=21712"},{"taxonomy":"post_tag","embeddable":true,"href":"https:\/\/chacosintesis.com.ar\/index.php\/wp-json\/wp\/v2\/tags?post=21712"}],"curies":[{"name":"wp","href":"https:\/\/api.w.org\/{rel}","templated":true}]}}