{"id":21698,"date":"2023-05-15T19:19:21","date_gmt":"2023-05-15T22:19:21","guid":{"rendered":"https:\/\/chacosintesis.com.ar\/?p=21698"},"modified":"2023-05-15T19:36:38","modified_gmt":"2023-05-15T22:36:38","slug":"gobierno-y-autoridades-empresariales-trabajan-en-una-agenda-de-beneficios-impositivos-e-infraestructura-2","status":"publish","type":"post","link":"https:\/\/chacosintesis.com.ar\/index.php\/gobierno-y-autoridades-empresariales-trabajan-en-una-agenda-de-beneficios-impositivos-e-infraestructura-2\/","title":{"rendered":"Gobierno y autoridades empresariales trabajan en una agenda de beneficios impositivos e infraestructura"},"content":{"rendered":"<p>Referentes de las principales entidades comerciales visitaron al gobernador para mantener una agenda de trabajo unificada con acompa\u00f1amiento al sector.<br \/>\nEl gobernador de la provincia, Jorge Capitanich, recibi\u00f3 este lunes a autoridades de la Confederaci\u00f3n Argentina de la Mediana Empresa (CAME) y de la Federaci\u00f3n Econ\u00f3mica del Chaco (Fechaco) para avanzar en una agenda de trabajo conjunta que involucra importantes medidas impositivas para el sector comercial.<br \/>\nEn ese sentido, Capitanich coment\u00f3 desde sus redes sociales que se evalu\u00f3 \u201cuna extensa agenda de trabajo\u201d, en la cual explic\u00f3 \u201cincluye la bonificaci\u00f3n del 10% de ingresos brutos para el sector PYME en nuestra provincia actualizando el monto de 500 a 800 millones de pesos\u201d.<br \/>\nAdem\u00e1s, indic\u00f3 que tambi\u00e9n se plante\u00f3 el desarrollo de rutas y propuestas \u201cque han hecho llegar desde el sector inmobiliario en lo que tiene que ver con tributaci\u00f3n espec\u00edfica al sector, impuesto de sellos\u201d.<br \/>\n\u201cSiempre existe una agenda particular con la @fechacochaco y con @redcame para impulsar beneficios y promociones con el sector comercial y estrategias que impliquen m\u00e1s desarrollo para las peque\u00f1as y medianas empresas, m\u00e1s empleos y m\u00e1s oportunidades para todas y todos\u201d, asegur\u00f3.<br \/>\n<<a href=\"http:\/\/www.avg.com\/email-signature?utm_medium=email&#038;utm_source=link&#038;utm_campaign=sig-email&#038;utm_content=webmail\">www.avg.com\/email-signature?utm_medium=email&amp;utm_source=link&amp;utm_campaign=sig-email&amp;utm_content=webmail<\/a>> Libre de virus.www.avg.com <<a href=\"http:\/\/www.avg.com\/email-signature?utm_medium=email&#038;utm_source=link&#038;utm_campaign=sig-email&#038;utm_content=webmail\">www.avg.com\/email-signature?utm_medium=email&amp;utm_source=link&amp;utm_campaign=sig-email&amp;utm_content=webmail<\/a>> <#DAB4FAD8-2DD7-40BB-A1B8-4E2AA1F9FDF2><\/p>\n","protected":false},"excerpt":{"rendered":"<p>Referentes de las principales entidades comerciales visitaron al gobernador para mantener una agenda de trabajo unificada con acompa\u00f1amiento al sector. El gobernador de la provincia, Jorge Capitanich, recibi\u00f3 este lunes a autoridades de la Confederaci\u00f3n Argentina de la Mediana Empresa (CAME) y de la Federaci\u00f3n Econ\u00f3mica del Chaco (Fechaco) para avanzar en una agenda de [&hellip;]<\/p>\n","protected":false},"author":1,"featured_media":21699,"comment_status":"closed","ping_status":"closed","sticky":false,"template":"","format":"standard","meta":{"footnotes":""},"categories":[6],"tags":[],"class_list":{"0":"post-21698","1":"post","2":"type-post","3":"status-publish","4":"format-standard","5":"has-post-thumbnail","7":"category-chaco"},"_links":{"self":[{"href":"https:\/\/chacosintesis.com.ar\/index.php\/wp-json\/wp\/v2\/posts\/21698","targetHints":{"allow":["GET"]}}],"collection":[{"href":"https:\/\/chacosintesis.com.ar\/index.php\/wp-json\/wp\/v2\/posts"}],"about":[{"href":"https:\/\/chacosintesis.com.ar\/index.php\/wp-json\/wp\/v2\/types\/post"}],"author":[{"embeddable":true,"href":"https:\/\/chacosintesis.com.ar\/index.php\/wp-json\/wp\/v2\/users\/1"}],"replies":[{"embeddable":true,"href":"https:\/\/chacosintesis.com.ar\/index.php\/wp-json\/wp\/v2\/comments?post=21698"}],"version-history":[{"count":0,"href":"https:\/\/chacosintesis.com.ar\/index.php\/wp-json\/wp\/v2\/posts\/21698\/revisions"}],"wp:featuredmedia":[{"embeddable":true,"href":"https:\/\/chacosintesis.com.ar\/index.php\/wp-json\/wp\/v2\/media\/21699"}],"wp:attachment":[{"href":"https:\/\/chacosintesis.com.ar\/index.php\/wp-json\/wp\/v2\/media?parent=21698"}],"wp:term":[{"taxonomy":"category","embeddable":true,"href":"https:\/\/chacosintesis.com.ar\/index.php\/wp-json\/wp\/v2\/categories?post=21698"},{"taxonomy":"post_tag","embeddable":true,"href":"https:\/\/chacosintesis.com.ar\/index.php\/wp-json\/wp\/v2\/tags?post=21698"}],"curies":[{"name":"wp","href":"https:\/\/api.w.org\/{rel}","templated":true}]}}