{"id":21696,"date":"2023-05-15T19:17:37","date_gmt":"2023-05-15T22:17:37","guid":{"rendered":"https:\/\/chacosintesis.com.ar\/?p=21696"},"modified":"2023-05-15T19:36:37","modified_gmt":"2023-05-15T22:36:37","slug":"la-embajada-del-paraguay-en-chaco-celebro-los-212-anos-de-independencia-del-pais-vecino","status":"publish","type":"post","link":"https:\/\/chacosintesis.com.ar\/index.php\/la-embajada-del-paraguay-en-chaco-celebro-los-212-anos-de-independencia-del-pais-vecino\/","title":{"rendered":"La embajada del Paraguay en Chaco celebr\u00f3 los 212 a\u00f1os de independencia del pa\u00eds vecino"},"content":{"rendered":"<p>Este lunes en la sede ubicada por calle Catamarca al 699 de Resistencia se llev\u00f3 adelante una celebraci\u00f3n por los 212 a\u00f1os de la independencia de la Rep\u00fablica del Paraguay, la cual cont\u00f3 con participaci\u00f3n de destacados protagonistas de la pol\u00edtica local que acompa\u00f1aron la celebraci\u00f3n.<br \/>\nEn el contexto conmemorativo, la c\u00f3nsul en Argentina, Diana Arr\u00e9llaga Alonso, dialog\u00f3 con Radio Provincia del Chaco y destac\u00f3 que se buscar\u00e1 seguir trabajando en las relaciones comerciales entre el pa\u00eds guaran\u00ed y Argentina, al tiempo que destac\u00f3 la importancia de continuar con los valores representativos en las autoridades.<br \/>\n\u201cSon fechas c\u00e9lebres, pero la verdad es que anhelamos celebrar siempre, no solamente la independencia de la Patria, sino de tantos valores que hemos tenido en los a\u00f1os, rescatar los buenos valores, y m\u00e1s a\u00fan en quienes ocupamos lugares, para que eso pueda reflejarse desde el interior de las naciones, que el pueblo pueda sentir ese cambio que necesita la regi\u00f3n\u201d, manifest\u00f3.<\/p>\n<p><<a href=\"http:\/\/www.avg.com\/email-signature?utm_medium=email&#038;utm_source=link&#038;utm_campaign=sig-email&#038;utm_content=webmail\">www.avg.com\/email-signature?utm_medium=email&amp;utm_source=link&amp;utm_campaign=sig-email&amp;utm_content=webmail<\/a>> Libre de virus.www.avg.com <<a href=\"http:\/\/www.avg.com\/email-signature?utm_medium=email&#038;utm_source=link&#038;utm_campaign=sig-email&#038;utm_content=webmail\">www.avg.com\/email-signature?utm_medium=email&amp;utm_source=link&amp;utm_campaign=sig-email&amp;utm_content=webmail<\/a>> <#DAB4FAD8-2DD7-40BB-A1B8-4E2AA1F9FDF2><\/p>\n","protected":false},"excerpt":{"rendered":"<p>Este lunes en la sede ubicada por calle Catamarca al 699 de Resistencia se llev\u00f3 adelante una celebraci\u00f3n por los 212 a\u00f1os de la independencia de la Rep\u00fablica del Paraguay, la cual cont\u00f3 con participaci\u00f3n de destacados protagonistas de la pol\u00edtica local que acompa\u00f1aron la celebraci\u00f3n. En el contexto conmemorativo, la c\u00f3nsul en Argentina, Diana [&hellip;]<\/p>\n","protected":false},"author":1,"featured_media":21697,"comment_status":"closed","ping_status":"closed","sticky":false,"template":"","format":"standard","meta":{"footnotes":""},"categories":[6],"tags":[],"class_list":{"0":"post-21696","1":"post","2":"type-post","3":"status-publish","4":"format-standard","5":"has-post-thumbnail","7":"category-chaco"},"_links":{"self":[{"href":"https:\/\/chacosintesis.com.ar\/index.php\/wp-json\/wp\/v2\/posts\/21696","targetHints":{"allow":["GET"]}}],"collection":[{"href":"https:\/\/chacosintesis.com.ar\/index.php\/wp-json\/wp\/v2\/posts"}],"about":[{"href":"https:\/\/chacosintesis.com.ar\/index.php\/wp-json\/wp\/v2\/types\/post"}],"author":[{"embeddable":true,"href":"https:\/\/chacosintesis.com.ar\/index.php\/wp-json\/wp\/v2\/users\/1"}],"replies":[{"embeddable":true,"href":"https:\/\/chacosintesis.com.ar\/index.php\/wp-json\/wp\/v2\/comments?post=21696"}],"version-history":[{"count":0,"href":"https:\/\/chacosintesis.com.ar\/index.php\/wp-json\/wp\/v2\/posts\/21696\/revisions"}],"wp:featuredmedia":[{"embeddable":true,"href":"https:\/\/chacosintesis.com.ar\/index.php\/wp-json\/wp\/v2\/media\/21697"}],"wp:attachment":[{"href":"https:\/\/chacosintesis.com.ar\/index.php\/wp-json\/wp\/v2\/media?parent=21696"}],"wp:term":[{"taxonomy":"category","embeddable":true,"href":"https:\/\/chacosintesis.com.ar\/index.php\/wp-json\/wp\/v2\/categories?post=21696"},{"taxonomy":"post_tag","embeddable":true,"href":"https:\/\/chacosintesis.com.ar\/index.php\/wp-json\/wp\/v2\/tags?post=21696"}],"curies":[{"name":"wp","href":"https:\/\/api.w.org\/{rel}","templated":true}]}}