{"id":21675,"date":"2023-05-15T18:51:12","date_gmt":"2023-05-15T21:51:12","guid":{"rendered":"https:\/\/chacosintesis.com.ar\/?p=21675"},"modified":"2023-05-15T19:06:39","modified_gmt":"2023-05-15T22:06:39","slug":"economia-circular-el-miercoles-se-lanza-el-programa-de-recuperadores-urbanos-en-el-paseo-sur","status":"publish","type":"post","link":"https:\/\/chacosintesis.com.ar\/index.php\/economia-circular-el-miercoles-se-lanza-el-programa-de-recuperadores-urbanos-en-el-paseo-sur\/","title":{"rendered":"Econom\u00eda circular: el mi\u00e9rcoles se lanza el programa de Recuperadores Urbanos en el Paseo Sur"},"content":{"rendered":"<p>Este programa est\u00e1 destinado a valorizar y mejorar la tarea de las y los trabajadores de la econom\u00eda circular en el procesamiento y reciclado de residuos s\u00f3lidos urbanos<br \/>\nEl mi\u00e9rcoles que viene, a partir de las 8, en el Paseo Sur de Resistencia se realizar\u00e1 el lanzamiento del programa de Recuperadores Urbanos. Este programa est\u00e1 destinado a valorizar y mejorar la tarea de las y los trabajadores de la econom\u00eda circular en el procesamiento y reciclado de residuos s\u00f3lidos urbanos. El gobernador Jorge Capitanich participar\u00e1 de la presentaci\u00f3n de este programa.<br \/>\nLautaro Barrios, a cargo del programa de Recuperadores Urbanos del ministerio de Desarrollo Social en declaraciones a Radio Provincia del Chaco explic\u00f3 detalles del programa y formaliz\u00f3 la convocatoria a participar del evento a organizaciones de la sociedad civil, ambientalistas y aquellas que trabajan en el mantenimiento de la higiene urbana.<br \/>\nBarrios explic\u00f3 que este programa  de  Recuperadores Urbanos, del Ministerio de Desarrollo Social, busca fortalecer y capacitar a los trabajadores de la econom\u00eda popular y concientizar a la sociedad civil sobre la importancia del reciclaje para el cuidado del ambiente.<br \/>\nEsta iniciativa tambi\u00e9n apunta a que este programa contribuya a erradicar los basurales a cielo abierto y  adem\u00e1s de brindar herramientas para mejorar la seguridad e higiene de los trabajadores.<br \/>\nBarrios explic\u00f3 que este programa fue articulado entre entre el Ministerio de Desarrollo Social, el IAFEP y el Ministerio de Ambiente de la Provincia.<br \/>\n\u201cEl programa consiste en el fortalecimiento a trav\u00e9s de capacitaciones y tiene como eje principal la concientizaci\u00f3n de la sociedad civil y apuntalar el trabajo de recuperadores urbanos, recicladores y aquellos sectores de la econom\u00eda circular  que contribuyen al medio ambiente\u201d, dijo. El funcionario agreg\u00f3 que a trav\u00e9s de este programa se puede apuntalar y fortalecer la econom\u00eda circular , a la par de erradicar los basurales a cielos abiertos y erradicar la contaminaci\u00f3n que generan los residuos s\u00f3lidos urbanos.<\/p>\n<p><<a href=\"http:\/\/www.avg.com\/email-signature?utm_medium=email&#038;utm_source=link&#038;utm_campaign=sig-email&#038;utm_content=webmail\">www.avg.com\/email-signature?utm_medium=email&amp;utm_source=link&amp;utm_campaign=sig-email&amp;utm_content=webmail<\/a>> Libre de virus.www.avg.com <<a href=\"http:\/\/www.avg.com\/email-signature?utm_medium=email&#038;utm_source=link&#038;utm_campaign=sig-email&#038;utm_content=webmail\">www.avg.com\/email-signature?utm_medium=email&amp;utm_source=link&amp;utm_campaign=sig-email&amp;utm_content=webmail<\/a>> <#DAB4FAD8-2DD7-40BB-A1B8-4E2AA1F9FDF2><\/p>\n","protected":false},"excerpt":{"rendered":"<p>Este programa est\u00e1 destinado a valorizar y mejorar la tarea de las y los trabajadores de la econom\u00eda circular en el procesamiento y reciclado de residuos s\u00f3lidos urbanos El mi\u00e9rcoles que viene, a partir de las 8, en el Paseo Sur de Resistencia se realizar\u00e1 el lanzamiento del programa de Recuperadores Urbanos. Este programa est\u00e1 [&hellip;]<\/p>\n","protected":false},"author":1,"featured_media":21676,"comment_status":"closed","ping_status":"closed","sticky":false,"template":"","format":"standard","meta":{"footnotes":""},"categories":[6],"tags":[],"class_list":{"0":"post-21675","1":"post","2":"type-post","3":"status-publish","4":"format-standard","5":"has-post-thumbnail","7":"category-chaco"},"_links":{"self":[{"href":"https:\/\/chacosintesis.com.ar\/index.php\/wp-json\/wp\/v2\/posts\/21675","targetHints":{"allow":["GET"]}}],"collection":[{"href":"https:\/\/chacosintesis.com.ar\/index.php\/wp-json\/wp\/v2\/posts"}],"about":[{"href":"https:\/\/chacosintesis.com.ar\/index.php\/wp-json\/wp\/v2\/types\/post"}],"author":[{"embeddable":true,"href":"https:\/\/chacosintesis.com.ar\/index.php\/wp-json\/wp\/v2\/users\/1"}],"replies":[{"embeddable":true,"href":"https:\/\/chacosintesis.com.ar\/index.php\/wp-json\/wp\/v2\/comments?post=21675"}],"version-history":[{"count":0,"href":"https:\/\/chacosintesis.com.ar\/index.php\/wp-json\/wp\/v2\/posts\/21675\/revisions"}],"wp:featuredmedia":[{"embeddable":true,"href":"https:\/\/chacosintesis.com.ar\/index.php\/wp-json\/wp\/v2\/media\/21676"}],"wp:attachment":[{"href":"https:\/\/chacosintesis.com.ar\/index.php\/wp-json\/wp\/v2\/media?parent=21675"}],"wp:term":[{"taxonomy":"category","embeddable":true,"href":"https:\/\/chacosintesis.com.ar\/index.php\/wp-json\/wp\/v2\/categories?post=21675"},{"taxonomy":"post_tag","embeddable":true,"href":"https:\/\/chacosintesis.com.ar\/index.php\/wp-json\/wp\/v2\/tags?post=21675"}],"curies":[{"name":"wp","href":"https:\/\/api.w.org\/{rel}","templated":true}]}}