{"id":21671,"date":"2023-05-15T18:41:40","date_gmt":"2023-05-15T21:41:40","guid":{"rendered":"https:\/\/chacosintesis.com.ar\/?p=21671"},"modified":"2023-05-15T19:06:37","modified_gmt":"2023-05-15T22:06:37","slug":"queremos-hablar-de-capacidad-chaco-sera-sede-del-7-congreso-internacional-sobre-discapacidad","status":"publish","type":"post","link":"https:\/\/chacosintesis.com.ar\/index.php\/queremos-hablar-de-capacidad-chaco-sera-sede-del-7-congreso-internacional-sobre-discapacidad\/","title":{"rendered":"\u201cQueremos hablar de capacidad\u201d: Chaco ser\u00e1 sede del 7\u00b0 Congreso Internacional sobre Discapacidad"},"content":{"rendered":"<p>El evento se desarrollar\u00e1 el 31 de julio, 1 y 2 de agosto en Resistencia, el 3 de agosto en Charata, y el 4 en General San Mart\u00edn. Al Congreso se unen el Foro Global para la Inclusi\u00f3n y la Discapacidad, y la Entrega de los Premios de la Ciencia Eureka 2023.<br \/>\nEsta ma\u00f1ana, el gobernador Jorge Milton Capitanich y la vicegobernadora Anal\u00eda Rach Quiroga, junto al presidente IPRODICH, Jos\u00e9 Lorenzo; la intendente de Charata, Alejandra Campos y Mirta Montes, integrante del comit\u00e9 organizador, encabezaron el lanzamiento del VII Congreso Internacional sobre Discapacidad que se realizar\u00e1 junto al Foro Global para la Inclusi\u00f3n y la Discapacidad, y la Entrega de los Premios de la Ciencia Eureka 2023.<br \/>\nEl evento tendr\u00e1 lugar los d\u00edas 31 de julio, 1 y 2 de agosto en Resistencia, el 3 de agosto en Charata, y el 4 en General San Mart\u00edn, bajo el lema \u201cQueremos Hablar de Capacidad\u201d.<br \/>\nEn esta ocasi\u00f3n, el gobernador expres\u00f3 \u201crecuerdo en el a\u00f1o 2007, en la agenda electoral de entonces, cuando pudimos reunir un conjunto en la Pe\u00f1a Mart\u00edn Fierro, de personalidades relacionadas a este trabajo de amor al pr\u00f3jimo por los derechos de las personas con discapacidad\u201d. \u201cDespu\u00e9s pasamos a un nivel de participaci\u00f3n extraordinaria que signific\u00f3 un nivel de plataforma y expansi\u00f3n no s\u00f3lo en Resistencia, sino tambi\u00e9n en otras localidades de la provincia, en virtud de la sensibilidad y el impacto que tiene esta tem\u00e1tica\u201d, destac\u00f3.<br \/>\n\u201cEste s\u00e9ptimo congreso, constituye junto al Foro Global para la Inclusi\u00f3n y la Discapacidad, y la Entrega de los Premios de la Ciencia Eureka 2023, un orgullo y una satisfacci\u00f3n muy especial para cada uno de nosotros\u201d, manifest\u00f3 Capitanich.<br \/>\nEn este sentido, destac\u00f3 que se trata de \u201cuna importante plataforma en la que podr\u00e1 reunirse la comunidad internacional para mostrar su compromiso con la inclusi\u00f3n de la discapacidad\u201d. \u201cEs un espacio te\u00f3rico para adoptar e impulsar medidas para establecer pol\u00edticas p\u00fablicas en aras de la promoci\u00f3n de los derechos de las personas con discapacidad decretada en agendas pol\u00edticas y convenciones internacionales\u201d, enfatiz\u00f3 el gobernador.<br \/>\n\u201cEntendemos que las pol\u00edticas p\u00fablicas y su dise\u00f1o y ejecuci\u00f3n implic\u00f3 para la provincia del Chaco, desde la creaci\u00f3n del IPRODICH, la inversi\u00f3n en infraestructura edilicia hasta una estrategia de inclusi\u00f3n social\u201d, mencion\u00f3 Capitanich y explic\u00f3: \u201cesto implic\u00f3 la expansi\u00f3n de espacios para la atenci\u00f3n, que conllevan un compromiso de muchos empresarios y empresarias y de una inversi\u00f3n en infraestructura para mejorar la calidad de los servicios\u201d.<br \/>\nPor su parte, el presidente del IPRODICH, Jos\u00e9 Lorenzo agradeci\u00f3 al gobernador \u201cporque en el 2011, cuando se acerc\u00f3 un grupo de personas a proponerle la posibilidad de organizar un evento internacional en la provincia del Chaco, nos dijo vamos a organizarlo\u201d. \u201cEn ese a\u00f1o naci\u00f3 el primer evento internacional que congreg\u00f3 a 1.300 personas en el Domo del Centenario\u201d, cont\u00f3.<br \/>\n\u201cDespu\u00e9s de trece ediciones, siete en forma de congreso internacional, cinco de pre congresos y uno de manera virtual, puedo decir que aproximadamente 800.000 personas han participado de este tipo de eventos\u201d, destac\u00f3 Lorenz\u00f3. \u201cEso demuestra el impacto que tienen\u201d, expres\u00f3.<br \/>\nFinalmente, Mirta Montes, integrante del comit\u00e9 organizador, manifest\u00f3: \u201ceste congreso es incre\u00edble y sobre todo que se de en nuestra querida provincia que tiene tanta potencialidad en muchos aspectos\u201d. \u201cTenemos los mejores centros, que son de referencia en el mundo\u201d, agreg\u00f3.<br \/>\n\u201cTenemos que sentirnos orgullosos de poder armar este congreso, capitalizarlo y optimizar lo que nos brinda hoy nuestra provincia\u201d, concluy\u00f3 Montes.<br \/>\nOrganizaci\u00f3n del evento<br \/>\nSe organizan conferencias tem\u00e1ticas, coloquios tem\u00e1ticos, cursos y talleres especializados y actividades colaterales que se enmarcan en la categor\u00eda de la inclusi\u00f3n y la discapacidad distribuidas en tres bloques de temas fundamentales y cada uno con sus ejes tem\u00e1ticos correspondientes.<br \/>\nEn el marco del evento se entregar\u00e1n los Premios Mundiales de la Ciencia EUREKA 2023, otorgado por el Consejo Mundial de Acad\u00e9micos e Investigadores Universitarios. En su 10ma entrega de car\u00e1cter internacional se premiar\u00e1n las mejores pr\u00e1cticas cient\u00edficas y productos acad\u00e9micos de significativa actuaci\u00f3n socioeducativa a nivel mundial. Un jurado seleccionar\u00e1 las mejores designaciones a las que le ser\u00e1n entregados premios en sus respectivas categor\u00edas. La entrega se realiza en el acto inaugural del evento.<br \/>\nContar\u00e1 con disertantes de 15 pa\u00edses: Argentina, Bolivia, Brasil, Chile, Colombia, Cuba, Ecuador, Espa\u00f1a, Estados Unidos, Francia, M\u00e9xico, Panam\u00e1, Paraguay, Per\u00fa y Uruguay.<br \/>\nEl evento es organizado por el IPRODICH, el Gobierno del Chaco, junto al Consejo Mundial de Acad\u00e9micos e Investigadores Universitarios (COMAU),  infanciar, el Consejo Federal de Inversiones (CFI), los Municipios de Charata y San Mart\u00edn, el Ministerio de Educaci\u00f3n, Ciencia y Tecnolog\u00eda del Chaco, Crecer con Todos, IAD, Fundaci\u00f3n de Equinoterapia \u201cSan Jorge\u201d, Casagrande, Despertares y el Peri\u00f3dico \u201cEl Cisne\u201d<br \/>\n<<a href=\"http:\/\/www.avg.com\/email-signature?utm_medium=email&#038;utm_source=link&#038;utm_campaign=sig-email&#038;utm_content=webmail\">www.avg.com\/email-signature?utm_medium=email&amp;utm_source=link&amp;utm_campaign=sig-email&amp;utm_content=webmail<\/a>> Libre de virus.www.avg.com <<a href=\"http:\/\/www.avg.com\/email-signature?utm_medium=email&#038;utm_source=link&#038;utm_campaign=sig-email&#038;utm_content=webmail\">www.avg.com\/email-signature?utm_medium=email&amp;utm_source=link&amp;utm_campaign=sig-email&amp;utm_content=webmail<\/a>> <#DAB4FAD8-2DD7-40BB-A1B8-4E2AA1F9FDF2><\/p>\n","protected":false},"excerpt":{"rendered":"<p>El evento se desarrollar\u00e1 el 31 de julio, 1 y 2 de agosto en Resistencia, el 3 de agosto en Charata, y el 4 en General San Mart\u00edn. Al Congreso se unen el Foro Global para la Inclusi\u00f3n y la Discapacidad, y la Entrega de los Premios de la Ciencia Eureka 2023. Esta ma\u00f1ana, el [&hellip;]<\/p>\n","protected":false},"author":1,"featured_media":21672,"comment_status":"closed","ping_status":"closed","sticky":false,"template":"","format":"standard","meta":{"footnotes":""},"categories":[6],"tags":[],"class_list":{"0":"post-21671","1":"post","2":"type-post","3":"status-publish","4":"format-standard","5":"has-post-thumbnail","7":"category-chaco"},"_links":{"self":[{"href":"https:\/\/chacosintesis.com.ar\/index.php\/wp-json\/wp\/v2\/posts\/21671","targetHints":{"allow":["GET"]}}],"collection":[{"href":"https:\/\/chacosintesis.com.ar\/index.php\/wp-json\/wp\/v2\/posts"}],"about":[{"href":"https:\/\/chacosintesis.com.ar\/index.php\/wp-json\/wp\/v2\/types\/post"}],"author":[{"embeddable":true,"href":"https:\/\/chacosintesis.com.ar\/index.php\/wp-json\/wp\/v2\/users\/1"}],"replies":[{"embeddable":true,"href":"https:\/\/chacosintesis.com.ar\/index.php\/wp-json\/wp\/v2\/comments?post=21671"}],"version-history":[{"count":0,"href":"https:\/\/chacosintesis.com.ar\/index.php\/wp-json\/wp\/v2\/posts\/21671\/revisions"}],"wp:featuredmedia":[{"embeddable":true,"href":"https:\/\/chacosintesis.com.ar\/index.php\/wp-json\/wp\/v2\/media\/21672"}],"wp:attachment":[{"href":"https:\/\/chacosintesis.com.ar\/index.php\/wp-json\/wp\/v2\/media?parent=21671"}],"wp:term":[{"taxonomy":"category","embeddable":true,"href":"https:\/\/chacosintesis.com.ar\/index.php\/wp-json\/wp\/v2\/categories?post=21671"},{"taxonomy":"post_tag","embeddable":true,"href":"https:\/\/chacosintesis.com.ar\/index.php\/wp-json\/wp\/v2\/tags?post=21671"}],"curies":[{"name":"wp","href":"https:\/\/api.w.org\/{rel}","templated":true}]}}