{"id":21669,"date":"2023-05-15T18:38:36","date_gmt":"2023-05-15T21:38:36","guid":{"rendered":"https:\/\/chacosintesis.com.ar\/?p=21669"},"modified":"2023-05-15T19:06:36","modified_gmt":"2023-05-15T22:06:36","slug":"se-realizaron-mas-de-4-000-documentos-gratuitos-en-lo-que-va-del-ano","status":"publish","type":"post","link":"https:\/\/chacosintesis.com.ar\/index.php\/se-realizaron-mas-de-4-000-documentos-gratuitos-en-lo-que-va-del-ano\/","title":{"rendered":"Se realizaron m\u00e1s de 4.000 documentos gratuitos en lo que va del a\u00f1o"},"content":{"rendered":"<p>Este lunes, a las 8 comenzar\u00e1 la segunda edici\u00f3n de los operativos de DNI para veteranos de Malvinas. El gobernador Capitanich entregar\u00e1 sus ejemplares a quienes participaron del primer operativo.<br \/>\nBajo la premisa de garantizar el acceso al derecho a la identidad de chaque\u00f1os y chaque\u00f1as, el Ministerio de Gobierno, a trav\u00e9s del Registro Civil, realiza distintos operativos DNI en toda la provincia para que todos y todas puedan tener de manera r\u00e1pida, gratuita y en la comodidad de sus barrios.<br \/>\nEn lo que va del a\u00f1o ya se realizaron m\u00e1s de 4.000 ejemplares gratuitos del Documento Nacional de Identidad (DNI) en el marco de los operativos territoriales, que superan los 90 en todo el territorio provincial. De esta manera, se trabaja para acercar los servicios del registro civil a vecinas y vecinos para que puedan realizar sus tr\u00e1mites registrales.<br \/>\nLos operativos gratuitos continuar\u00e1n este lunes 15 desde las 8 en avenida Alberdi 2100 para veteranos de la guerra de Malvinas. Adem\u00e1s, con la presencia del gobernador, se entregar\u00e1n ejemplares realizados en el operativo anterior. Por la tarde, el operativo iniciar\u00e1 a las 14 en el Barrio Edison Sur, ubicado en calle 28 y avenida Edison, de Resistencia.<br \/>\n\u201cEstas acciones se suman a las inversiones que realizamos en estos tres a\u00f1os y medio. Intervenimos en alrededor de 80 registros, tambi\u00e9n realizamos inversi\u00f3n en equipamiento, en tecnolog\u00eda y haciendo la renovaci\u00f3n de los insumos en cada dependencia\u201d, asegur\u00f3 el ministro de Gobierno y Trabajo, Juan Manuel Chapo.<br \/>\nPr\u00f3ximamente se inaugurar\u00e1n los registros civiles de Fontana, La Escondida, las ampliaciones en General Vedia y de Puerto Bermejo. \u201cEsto ha sido una premisa del gobernador y de nuestra gesti\u00f3n; celebramos que instituciones, fundaciones, comisiones vecinales, entidades de bien p\u00fablico puedan coordinar junto al Estado esta tarea que es tan pero tan relevante la de garantizar el derecho a la identidad de cada chaque\u00f1o y chaque\u00f1a\u201d, concluy\u00f3 el titular de la cartera de Gobierno.<br \/>\nPr\u00f3ximos operativos<br \/>\nLos siguientes operativos ser\u00e1n el martes 16, desde las 8, en el Barrio 17 de Julio, manzana 1, casa 19 de la capital chaque\u00f1a. El mi\u00e9rcoles 17, tambi\u00e9n en Resistencia, el registro civil llegar\u00e1 hasta el barrio Bettina Vazquez, manzana 43, parcela E y por la tarde se trasladar\u00e1n hasta Puerto Tirol.<br \/>\nEl jueves 18, desde las 8, en el barrio El Tala, Garc\u00eda Merou y calle 18; por la tarde, desde las 14, en el Carpincho Macho. En tanto, el viernes 19, llegar\u00e1 hasta Cote Lai.<br \/>\n<<a href=\"http:\/\/www.avg.com\/email-signature?utm_medium=email&#038;utm_source=link&#038;utm_campaign=sig-email&#038;utm_content=webmail\">www.avg.com\/email-signature?utm_medium=email&amp;utm_source=link&amp;utm_campaign=sig-email&amp;utm_content=webmail<\/a>> Libre de virus.www.avg.com <<a href=\"http:\/\/www.avg.com\/email-signature?utm_medium=email&#038;utm_source=link&#038;utm_campaign=sig-email&#038;utm_content=webmail\">www.avg.com\/email-signature?utm_medium=email&amp;utm_source=link&amp;utm_campaign=sig-email&amp;utm_content=webmail<\/a>> <#DAB4FAD8-2DD7-40BB-A1B8-4E2AA1F9FDF2><\/p>\n","protected":false},"excerpt":{"rendered":"<p>Este lunes, a las 8 comenzar\u00e1 la segunda edici\u00f3n de los operativos de DNI para veteranos de Malvinas. El gobernador Capitanich entregar\u00e1 sus ejemplares a quienes participaron del primer operativo. Bajo la premisa de garantizar el acceso al derecho a la identidad de chaque\u00f1os y chaque\u00f1as, el Ministerio de Gobierno, a trav\u00e9s del Registro Civil, [&hellip;]<\/p>\n","protected":false},"author":1,"featured_media":21670,"comment_status":"closed","ping_status":"closed","sticky":false,"template":"","format":"standard","meta":{"footnotes":""},"categories":[6],"tags":[],"class_list":{"0":"post-21669","1":"post","2":"type-post","3":"status-publish","4":"format-standard","5":"has-post-thumbnail","7":"category-chaco"},"_links":{"self":[{"href":"https:\/\/chacosintesis.com.ar\/index.php\/wp-json\/wp\/v2\/posts\/21669","targetHints":{"allow":["GET"]}}],"collection":[{"href":"https:\/\/chacosintesis.com.ar\/index.php\/wp-json\/wp\/v2\/posts"}],"about":[{"href":"https:\/\/chacosintesis.com.ar\/index.php\/wp-json\/wp\/v2\/types\/post"}],"author":[{"embeddable":true,"href":"https:\/\/chacosintesis.com.ar\/index.php\/wp-json\/wp\/v2\/users\/1"}],"replies":[{"embeddable":true,"href":"https:\/\/chacosintesis.com.ar\/index.php\/wp-json\/wp\/v2\/comments?post=21669"}],"version-history":[{"count":0,"href":"https:\/\/chacosintesis.com.ar\/index.php\/wp-json\/wp\/v2\/posts\/21669\/revisions"}],"wp:featuredmedia":[{"embeddable":true,"href":"https:\/\/chacosintesis.com.ar\/index.php\/wp-json\/wp\/v2\/media\/21670"}],"wp:attachment":[{"href":"https:\/\/chacosintesis.com.ar\/index.php\/wp-json\/wp\/v2\/media?parent=21669"}],"wp:term":[{"taxonomy":"category","embeddable":true,"href":"https:\/\/chacosintesis.com.ar\/index.php\/wp-json\/wp\/v2\/categories?post=21669"},{"taxonomy":"post_tag","embeddable":true,"href":"https:\/\/chacosintesis.com.ar\/index.php\/wp-json\/wp\/v2\/tags?post=21669"}],"curies":[{"name":"wp","href":"https:\/\/api.w.org\/{rel}","templated":true}]}}