{"id":21659,"date":"2023-05-12T18:11:00","date_gmt":"2023-05-12T21:11:00","guid":{"rendered":"https:\/\/chacosintesis.com.ar\/?p=21659"},"modified":"2023-05-15T08:03:28","modified_gmt":"2023-05-15T11:03:28","slug":"cuesta-propone-crear-una-campana-de-concienciacion-sobre-la-violencia-de-genero-en-adultas-mayores","status":"publish","type":"post","link":"https:\/\/chacosintesis.com.ar\/index.php\/cuesta-propone-crear-una-campana-de-concienciacion-sobre-la-violencia-de-genero-en-adultas-mayores\/","title":{"rendered":"Cuesta propone crear una campa\u00f1a de concienciaci\u00f3n sobre la violencia de g\u00e9nero en adultas mayores"},"content":{"rendered":"\n<p>Con el objetivo generar conciencia sobre la violencia que padecen las adultas mayores, la presidenta del Poder Legislativo, Elida Cuesta, present\u00f3 el proyecto de ley 2680\/22 que propone crear un programa de concienciaci\u00f3n y prevenci\u00f3n de la violencia de g\u00e9nero en el Chaco.<br>La iniciativa propone la difusi\u00f3n de los contenidos audiovisuales de la campa\u00f1a se realice mediante los medios de comunicaci\u00f3n masivos de la provincia, como as\u00ed tambi\u00e9n a trav\u00e9s de aplicaciones y plataformas digitales, redes sociales a las cuales las adultas mayores tengan acceso, y carteler\u00eda tambi\u00e9n en distintos \u00e1mbitos como residencias geri\u00e1tricas y gerontol\u00f3gicas, centros de d\u00eda y comedores para adultas mayores.<br>Cuesta marc\u00f3 que la violencia de g\u00e9nero en mujeres mayores es un flagelo silencioso, pero lamentablemente ocurre en la sociedad. \u201cCuando hablamos de mujeres mayores es por la conformidad con normas tradicionales de g\u00e9nero femeninas y masculinas, la cual es m\u00e1s elevada en mujeres y hombres con edades mayores, ya que han sido socializados en este modelo de desigualdad. Por tanto, aceptan formas de maltrato con m\u00e1s frecuencia, no por aprobarlas, sino por esa naturalizaci\u00f3n de la violencia\u201d, manifest\u00f3 la legisladora.<br>Asimismo, la titular del cuerpo legislativo asegur\u00f3 que la iniciativa busca evidenciar un flagelo para prevenir y erradicar este flagelo. \u201cQueremos contribuir, aportar nuestro granito de arena para que se pueda articular y activar desde el Estado una profunda concienciaci\u00f3n sobre el tema, porque nuestro compromiso es erradicar la violencia en todos los \u00e1mbitos de la vida\u201d, asever\u00f3.<br>El proyecto de ley propone como autoridad de aplicaci\u00f3n a la Subsecretar\u00eda de Personas Adultas Mayores, dependiente del Ministerio de Desarrollo Social, o aquella que en el futuro la reemplace<\/p>\n","protected":false},"excerpt":{"rendered":"<p>Con el objetivo generar conciencia sobre la violencia que padecen las adultas mayores, la presidenta del Poder Legislativo, Elida Cuesta, present\u00f3 el proyecto de ley 2680\/22 que propone crear un programa de concienciaci\u00f3n y prevenci\u00f3n de la violencia de g\u00e9nero en el Chaco.La iniciativa propone la difusi\u00f3n de los contenidos audiovisuales de la campa\u00f1a se [&hellip;]<\/p>\n","protected":false},"author":1,"featured_media":21660,"comment_status":"closed","ping_status":"closed","sticky":false,"template":"","format":"standard","meta":{"footnotes":""},"categories":[6],"tags":[202],"class_list":{"0":"post-21659","1":"post","2":"type-post","3":"status-publish","4":"format-standard","5":"has-post-thumbnail","7":"category-chaco","8":"tag-legislatura"},"_links":{"self":[{"href":"https:\/\/chacosintesis.com.ar\/index.php\/wp-json\/wp\/v2\/posts\/21659","targetHints":{"allow":["GET"]}}],"collection":[{"href":"https:\/\/chacosintesis.com.ar\/index.php\/wp-json\/wp\/v2\/posts"}],"about":[{"href":"https:\/\/chacosintesis.com.ar\/index.php\/wp-json\/wp\/v2\/types\/post"}],"author":[{"embeddable":true,"href":"https:\/\/chacosintesis.com.ar\/index.php\/wp-json\/wp\/v2\/users\/1"}],"replies":[{"embeddable":true,"href":"https:\/\/chacosintesis.com.ar\/index.php\/wp-json\/wp\/v2\/comments?post=21659"}],"version-history":[{"count":0,"href":"https:\/\/chacosintesis.com.ar\/index.php\/wp-json\/wp\/v2\/posts\/21659\/revisions"}],"wp:featuredmedia":[{"embeddable":true,"href":"https:\/\/chacosintesis.com.ar\/index.php\/wp-json\/wp\/v2\/media\/21660"}],"wp:attachment":[{"href":"https:\/\/chacosintesis.com.ar\/index.php\/wp-json\/wp\/v2\/media?parent=21659"}],"wp:term":[{"taxonomy":"category","embeddable":true,"href":"https:\/\/chacosintesis.com.ar\/index.php\/wp-json\/wp\/v2\/categories?post=21659"},{"taxonomy":"post_tag","embeddable":true,"href":"https:\/\/chacosintesis.com.ar\/index.php\/wp-json\/wp\/v2\/tags?post=21659"}],"curies":[{"name":"wp","href":"https:\/\/api.w.org\/{rel}","templated":true}]}}