{"id":21656,"date":"2023-05-10T15:19:00","date_gmt":"2023-05-10T18:19:00","guid":{"rendered":"https:\/\/chacosintesis.com.ar\/?p=21656"},"modified":"2023-05-15T08:01:08","modified_gmt":"2023-05-15T11:01:08","slug":"cuesta-destaco-la-recuperacion-de-los-espacios-publicos-como-politica-de-estado","status":"publish","type":"post","link":"https:\/\/chacosintesis.com.ar\/index.php\/cuesta-destaco-la-recuperacion-de-los-espacios-publicos-como-politica-de-estado\/","title":{"rendered":"Cuesta destac\u00f3 la recuperaci\u00f3n de los espacios p\u00fablicos como pol\u00edtica de Estado"},"content":{"rendered":"\n<p>La presidenta del Poder Legislativo, Elida Cuesta, acompa\u00f1\u00f3 al intendente de Resistencia, Gustavo Mart\u00ednez, en el descubrimiento de la placa de reinauguraci\u00f3n de la plaza 25 de Mayo, emblema de las y los resistencianos, quienes adem\u00e1s disfrutar\u00e1n de las esculturas y monumentos totalmente renovados gracias al trabajo de las y los artistas de la fundaci\u00f3n Urunday. \u201cNuestro compromiso es recuperar los espacios p\u00fablicos para el disfrute de las y los vecinos\u201d, remarc\u00f3 la titular legislativa.<\/p>\n\n\n\n<p>Este espacio de disfrute para muchas familias de la ciudad, que cuenta con 17 obras, es parte de la identidad con la que es reconocida la capital chaque\u00f1a, es por eso que cada una cuenta con una breve descripci\u00f3n.<\/p>\n\n\n\n<p>Al t\u00e9rmino de la recorrida junto al presidente de la fundaci\u00f3n, Jos\u00e9 Eidman, la presidenta del Legislativo manifest\u00f3 su satisfacci\u00f3n por el trabajo realizado y a\u00f1adi\u00f3 que \u201cestamos agradecidos al trabajo de la fundaci\u00f3n Urunday, del Departamento de Restauraci\u00f3n que est\u00e1 a cargo de Seferino Ferreira y de las restauradoras que han intervenido y valorizado los distintos murales que est\u00e1n desde hace tanto tiempo en la plaza\u201d.<\/p>\n\n\n\n<p>La legisladora tambi\u00e9n se\u00f1al\u00f3 que muchas veces las y los vecinos no conocen el trabajo ni la restauraci\u00f3n en cada obra. \u201cOjal\u00e1 que la gente valore esto y lo cuide, porque por ah\u00ed pintamos un graffiti, pegamos un aviso y la verdad que no tenemos la dimensi\u00f3n del da\u00f1o que eso provoca en estas obras que son de un valor incalculable y est\u00e1n a cielo abierto para que no s\u00f3lo todas las y los vecinos puedan disfrutarlas, sino tambi\u00e9n quienes nos visitan\u201d, remarc\u00f3 la titular legislativa.<\/p>\n","protected":false},"excerpt":{"rendered":"<p>La presidenta del Poder Legislativo, Elida Cuesta, acompa\u00f1\u00f3 al intendente de Resistencia, Gustavo Mart\u00ednez, en el descubrimiento de la placa de reinauguraci\u00f3n de la plaza 25 de Mayo, emblema de las y los resistencianos, quienes adem\u00e1s disfrutar\u00e1n de las esculturas y monumentos totalmente renovados gracias al trabajo de las y los artistas de la fundaci\u00f3n [&hellip;]<\/p>\n","protected":false},"author":1,"featured_media":21657,"comment_status":"closed","ping_status":"closed","sticky":false,"template":"","format":"standard","meta":{"footnotes":""},"categories":[6],"tags":[202],"class_list":{"0":"post-21656","1":"post","2":"type-post","3":"status-publish","4":"format-standard","5":"has-post-thumbnail","7":"category-chaco","8":"tag-legislatura"},"_links":{"self":[{"href":"https:\/\/chacosintesis.com.ar\/index.php\/wp-json\/wp\/v2\/posts\/21656","targetHints":{"allow":["GET"]}}],"collection":[{"href":"https:\/\/chacosintesis.com.ar\/index.php\/wp-json\/wp\/v2\/posts"}],"about":[{"href":"https:\/\/chacosintesis.com.ar\/index.php\/wp-json\/wp\/v2\/types\/post"}],"author":[{"embeddable":true,"href":"https:\/\/chacosintesis.com.ar\/index.php\/wp-json\/wp\/v2\/users\/1"}],"replies":[{"embeddable":true,"href":"https:\/\/chacosintesis.com.ar\/index.php\/wp-json\/wp\/v2\/comments?post=21656"}],"version-history":[{"count":0,"href":"https:\/\/chacosintesis.com.ar\/index.php\/wp-json\/wp\/v2\/posts\/21656\/revisions"}],"wp:featuredmedia":[{"embeddable":true,"href":"https:\/\/chacosintesis.com.ar\/index.php\/wp-json\/wp\/v2\/media\/21657"}],"wp:attachment":[{"href":"https:\/\/chacosintesis.com.ar\/index.php\/wp-json\/wp\/v2\/media?parent=21656"}],"wp:term":[{"taxonomy":"category","embeddable":true,"href":"https:\/\/chacosintesis.com.ar\/index.php\/wp-json\/wp\/v2\/categories?post=21656"},{"taxonomy":"post_tag","embeddable":true,"href":"https:\/\/chacosintesis.com.ar\/index.php\/wp-json\/wp\/v2\/tags?post=21656"}],"curies":[{"name":"wp","href":"https:\/\/api.w.org\/{rel}","templated":true}]}}