{"id":21650,"date":"2023-05-06T12:35:00","date_gmt":"2023-05-06T15:35:00","guid":{"rendered":"https:\/\/chacosintesis.com.ar\/?p=21650"},"modified":"2023-05-15T07:57:10","modified_gmt":"2023-05-15T10:57:10","slug":"por-ley-la-provincia-contara-con-el-programa-de-voluntariado-ambiental","status":"publish","type":"post","link":"https:\/\/chacosintesis.com.ar\/index.php\/por-ley-la-provincia-contara-con-el-programa-de-voluntariado-ambiental\/","title":{"rendered":"Por ley, la provincia contar\u00e1 con el Programa de Voluntariado Ambiental"},"content":{"rendered":"\n<p>Con el objeto de contribuir a la preservaci\u00f3n del ambiente y la concienciaci\u00f3n a la poblaci\u00f3n respecto al cuidado de los recursos naturales, el Poder Legislativo sancion\u00f3 la Ley 3815-R que crea, en el \u00e1mbito de la provincia, el Programa de Voluntariado Ambiental. La normativa, impulsada por la presidenta Elida Cuesta, tiene por objetivo promover personas comprometidas con el medio ambiente, altruistas, \u00e9ticas y conscientes de las problem\u00e1ticas actuales.<br>Cuesta remarc\u00f3 la importancia de apoyar a las y los chaque\u00f1os que tienen compromiso con el cuidado del medio ambiente brind\u00e1ndoles herramientas desde el Estado. \u201cEste programa, que prev\u00e9 un registro para visibilizarlos, darles entidad y apoyo desde el Ministerio de Ambiente, sali\u00f3 por unanimidad, as\u00ed que, bueno, es una contribuci\u00f3n m\u00e1s que hacemos para preservar, concienciar y cuidar nuestro medio ambiente\u201d, asegur\u00f3.<br>Adem\u00e1s, la legisladora resalt\u00f3 el aporte de quienes trabajan en la tem\u00e1tica, destacando la importancia de visibilizarlos y reconocerlos. \u201cAquellas personas que ya est\u00e1n colaborando como voluntarias nosotros tenemos conocimiento de qui\u00e9nes son, pero por ah\u00ed la sociedad en general no las conoce. Queremos visibilizarlas, agradecerles su trabajo y tambi\u00e9n ayudar a que contin\u00faen en esa tarea\u201d, manifest\u00f3 la titular parlamentaria.<br>La presidenta marc\u00f3 la importancia de tomar conciencia como sociedad sobre el cuidado del ambiente para prevenir o disminuir el da\u00f1o al espacio com\u00fan. \u201cEn estos a\u00f1os hemos visto las consecuencias del maltrato que hacemos al medio ambiente, como las inundaciones, los incendios, las sequ\u00edas, los sufrimos todos, por eso es importante tomar conciencia, cambiar la perspectiva y cuidar nuestra casa com\u00fan que es el planeta\u201d, asever\u00f3.<br>Por \u00faltimo, Cuesta resalt\u00f3 que a partir de la sanci\u00f3n de esta ley se abre una interesante etapa para el perfeccionamiento de la legislaci\u00f3n al respecto, a la cual se hallan comprometidos expertos en medio ambiente que tienen por finalidad la b\u00fasqueda de la preservaci\u00f3n de los recursos naturales, la salud y la calidad de vida humana y, muy especialmente, personas y entidades vinculadas con las organizaciones de la sociedad civil<\/p>\n","protected":false},"excerpt":{"rendered":"<p>Con el objeto de contribuir a la preservaci\u00f3n del ambiente y la concienciaci\u00f3n a la poblaci\u00f3n respecto al cuidado de los recursos naturales, el Poder Legislativo sancion\u00f3 la Ley 3815-R que crea, en el \u00e1mbito de la provincia, el Programa de Voluntariado Ambiental. La normativa, impulsada por la presidenta Elida Cuesta, tiene por objetivo promover [&hellip;]<\/p>\n","protected":false},"author":1,"featured_media":21651,"comment_status":"closed","ping_status":"closed","sticky":false,"template":"","format":"standard","meta":{"footnotes":""},"categories":[6],"tags":[202],"class_list":{"0":"post-21650","1":"post","2":"type-post","3":"status-publish","4":"format-standard","5":"has-post-thumbnail","7":"category-chaco","8":"tag-legislatura"},"_links":{"self":[{"href":"https:\/\/chacosintesis.com.ar\/index.php\/wp-json\/wp\/v2\/posts\/21650","targetHints":{"allow":["GET"]}}],"collection":[{"href":"https:\/\/chacosintesis.com.ar\/index.php\/wp-json\/wp\/v2\/posts"}],"about":[{"href":"https:\/\/chacosintesis.com.ar\/index.php\/wp-json\/wp\/v2\/types\/post"}],"author":[{"embeddable":true,"href":"https:\/\/chacosintesis.com.ar\/index.php\/wp-json\/wp\/v2\/users\/1"}],"replies":[{"embeddable":true,"href":"https:\/\/chacosintesis.com.ar\/index.php\/wp-json\/wp\/v2\/comments?post=21650"}],"version-history":[{"count":0,"href":"https:\/\/chacosintesis.com.ar\/index.php\/wp-json\/wp\/v2\/posts\/21650\/revisions"}],"wp:featuredmedia":[{"embeddable":true,"href":"https:\/\/chacosintesis.com.ar\/index.php\/wp-json\/wp\/v2\/media\/21651"}],"wp:attachment":[{"href":"https:\/\/chacosintesis.com.ar\/index.php\/wp-json\/wp\/v2\/media?parent=21650"}],"wp:term":[{"taxonomy":"category","embeddable":true,"href":"https:\/\/chacosintesis.com.ar\/index.php\/wp-json\/wp\/v2\/categories?post=21650"},{"taxonomy":"post_tag","embeddable":true,"href":"https:\/\/chacosintesis.com.ar\/index.php\/wp-json\/wp\/v2\/tags?post=21650"}],"curies":[{"name":"wp","href":"https:\/\/api.w.org\/{rel}","templated":true}]}}