{"id":21645,"date":"2023-05-14T12:07:05","date_gmt":"2023-05-14T15:07:05","guid":{"rendered":"https:\/\/chacosintesis.com.ar\/?p=21645"},"modified":"2023-05-14T12:36:44","modified_gmt":"2023-05-14T15:36:44","slug":"se-entregaron-nuevas-viviendas-y-habilitan-un-sum-en-la-zona-sur-de-resistencia","status":"publish","type":"post","link":"https:\/\/chacosintesis.com.ar\/index.php\/se-entregaron-nuevas-viviendas-y-habilitan-un-sum-en-la-zona-sur-de-resistencia\/","title":{"rendered":"Se entregaron nuevas viviendas y habilitan un SUM en la zona sur de Resistencia"},"content":{"rendered":"<p>Las unidades habitacionales fueron construidas por cooperativas con aportes del Instituto de Agricultura Familiar y Econom\u00eda Popular (IAEFP), el Ministerio de Ambiente y el Instituto Provincial para la Inclusi\u00f3n de Personas con Discapacidad. Adem\u00e1s se construy\u00f3 un Sal\u00f3n de Usos M\u00faltiples.<br \/>\n El gobernador Jorge Capitanich entreg\u00f3 este domingo ocho viviendas para personas con discapacidad y habilit\u00f3 un Sal\u00f3n de Usos M\u00faltiples en el barrio Nuevo Sur, Chacra 214 de Resistencia. Las casas fueron construidas con financiamiento del Instituto de Agricultura Familiar y Econom\u00eda Popular (IAEFP) y son parte del plan de urbanizaci\u00f3n de la zona sur de la capital chaque\u00f1a.<br \/>\n\u201cSon viviendas construidas a trav\u00e9s del proceso de descentralizaci\u00f3n de las pol\u00edticas p\u00fablicas en organizaciones populares desde el sistema cooperativo, garantizando el derecho a la vivienda digna para m\u00e1s familias\u201d, explic\u00f3 el mandatario, quien adem\u00e1s destac\u00f3 que \u201cm\u00e1s del 70% de las viviendas que se construyen bajo esta metodolog\u00eda tienen la participaci\u00f3n de mujeres como mano de obra calificada\u201d.<br \/>\nEstas casas se construyeron con financiamiento del IAFEP, a trav\u00e9s del Movimiento Forjando Esperanza y la Cooperativa Facundo Sur quienes aportaron la mano de obra, generando adem\u00e1s puestos de trabajo. Forman parte de un plan de 5.000 viviendas (entre construidas y por construirse) ejecutadas a trav\u00e9s de este sistema.La meta del gobierno provincial es llegar a fin de a\u00f1o a cerca de 25.000 soluciones habitacionales.<br \/>\nSe trata de una tarea articulada entre el IAFEP, el Instituto Provincial para la Inclusi\u00f3n de las Personas con Discapacidad (Iprodich) y el Ministerio de Ambiente y Desarrollo Sostenible en la que se defini\u00f3 que el 10% de los lotes con servicios que se generan sean destinados a familias que tengan integrantes con alguna discapacidad.<br \/>\n \u201cCelebramos la labor de las organizaciones sociales como Forjando Esperanza que desarrollan pol\u00edticas de car\u00e1cter social trabajando con los vecinos y vecinas, generando empleos de calidad en la industria de la construcci\u00f3n. Generar empleo, propiciar un ingreso digno para las familias y establecer una pol\u00edtica de promoci\u00f3n para el desarrollo humano son esquemas complementarios de base territorial en los distintos espacios\u201d, valor\u00f3 Capitanich.<br \/>\nEn el acto de entrega estuvieron presentes la ministra de Ambiente y Desarrollo Territorial Sostenible, Marta Soneira; la ministra de Desarrollo Social, P\u00eda Chiacchio Cavana, el titular el IAFEP Mauricio Andi\u00f3n, y los referentes de las organizaciones sociales David Barrientos, de la cooperativa Facundo Sur y Marcelo Gauto, de Forjando Esperanza.<br \/>\nEl sal\u00f3n de usos m\u00faltiples permitir\u00e1 el desarrollo de proyectos productivos vinculados a la econom\u00eda textil, carpinter\u00eda y panader\u00eda. Adem\u00e1s, en el espacio se realizar\u00e1n actividades de empleo e inclusi\u00f3n social educativa mediante talleres de apoyo escolar, y actividades art\u00edsticas, con el objetivo de promover la integraci\u00f3n comunitaria y el desarrollo.<br \/>\nDesarrollo y urbanizaci\u00f3n para la zona sur de Resistencia<\/p>\n<p>La ministra Marta Soneira explic\u00f3 que como parte del programa de urbanizaci\u00f3n, en la zona, adem\u00e1s de las viviendas entregadas hoy ya se entregaron otras por sorteo y acceso directo a quienes se inscribieron en el Banco de Tierras. &#8220;Es un gran plan de desarrollo urban\u00edstico, de crecimiento y expansi\u00f3n de toda la trama urbana de Resistencia&#8221;, consider\u00f3.<br \/>\nLas casas est\u00e1n ubicadas frente a un espacio verde que tambi\u00e9n fue intervenido. En la zona se construir\u00e1 un centro de salud, y se proyectan obras para garantizar el acceso a servicios educativos y para la seguridad.<br \/>\nSoneira record\u00f3 que el proceso de urbanizaci\u00f3n comenz\u00f3 en 2020 cuando el predio fue transferido al Estado provincial. &#8220;Avanzamos mucho en dos a\u00f1os hacia la consolidaci\u00f3n y el ordenamiento de todo el sector con una planificaci\u00f3n ordenada para en el presente y, sobre todo, planificar los servicios que necesita toda la comunidad a futuro&#8221;, destac\u00f3.<br \/>\nAdem\u00e1s en la oportunidad la ministra de Desarrollo Social, P\u00eda Chiacchio Cavana, firm\u00f3 un convenio con el Movimiento Forjando Esperanza para el fortalecimiento de unidades socioproductivas, sociocomunitarias y sociolaborales que permite el acceso a un subsidio no reintegrable, sujeto a rendici\u00f3n de cuentas. \u201cVamos a proveer las herramientas, maquinarias e insumos de trabajo y espacios de formaci\u00f3n profesional junto a l Ministerio de Educaci\u00f3n\u201d, explic\u00f3 Chiaccio Cavana.<br \/>\n&#8220;Urbanizar no es solamente construir viviendas, no es solamente abrir calles, urbanizar tambi\u00e9n es trabajar las cuestiones productivas que el barrio necesita&#8221;, expres\u00f3 Chiaccio Cavana y agreg\u00f3: &#8220;Estamos contribuyendo al gran esfuerzo que hace la organizaci\u00f3n ac\u00e1 en el barrio, para que estos espacios tengan un componente muy importante que es el trabajo&#8221;, consider\u00f3.<br \/>\n El referente del movimiento Forjando Esperanza, Marcelo Gauto, expres\u00f3 el orgullo que implica contar con las viviendas. &#8220;Estamos agradecidos con el gobernador por confiar en nosotros&#8221;, expres\u00f3. Coment\u00f3 que el sal\u00f3n multiuso que construyeron ser\u00e1 \u201cde gran ayuda\u201d para la comunidad.<\/p>\n","protected":false},"excerpt":{"rendered":"<p>Las unidades habitacionales fueron construidas por cooperativas con aportes del Instituto de Agricultura Familiar y Econom\u00eda Popular (IAEFP), el Ministerio de Ambiente y el Instituto Provincial para la Inclusi\u00f3n de Personas con Discapacidad. Adem\u00e1s se construy\u00f3 un Sal\u00f3n de Usos M\u00faltiples. El gobernador Jorge Capitanich entreg\u00f3 este domingo ocho viviendas para personas con discapacidad y [&hellip;]<\/p>\n","protected":false},"author":1,"featured_media":21646,"comment_status":"closed","ping_status":"closed","sticky":false,"template":"","format":"standard","meta":{"footnotes":""},"categories":[6],"tags":[],"class_list":{"0":"post-21645","1":"post","2":"type-post","3":"status-publish","4":"format-standard","5":"has-post-thumbnail","7":"category-chaco"},"_links":{"self":[{"href":"https:\/\/chacosintesis.com.ar\/index.php\/wp-json\/wp\/v2\/posts\/21645","targetHints":{"allow":["GET"]}}],"collection":[{"href":"https:\/\/chacosintesis.com.ar\/index.php\/wp-json\/wp\/v2\/posts"}],"about":[{"href":"https:\/\/chacosintesis.com.ar\/index.php\/wp-json\/wp\/v2\/types\/post"}],"author":[{"embeddable":true,"href":"https:\/\/chacosintesis.com.ar\/index.php\/wp-json\/wp\/v2\/users\/1"}],"replies":[{"embeddable":true,"href":"https:\/\/chacosintesis.com.ar\/index.php\/wp-json\/wp\/v2\/comments?post=21645"}],"version-history":[{"count":0,"href":"https:\/\/chacosintesis.com.ar\/index.php\/wp-json\/wp\/v2\/posts\/21645\/revisions"}],"wp:featuredmedia":[{"embeddable":true,"href":"https:\/\/chacosintesis.com.ar\/index.php\/wp-json\/wp\/v2\/media\/21646"}],"wp:attachment":[{"href":"https:\/\/chacosintesis.com.ar\/index.php\/wp-json\/wp\/v2\/media?parent=21645"}],"wp:term":[{"taxonomy":"category","embeddable":true,"href":"https:\/\/chacosintesis.com.ar\/index.php\/wp-json\/wp\/v2\/categories?post=21645"},{"taxonomy":"post_tag","embeddable":true,"href":"https:\/\/chacosintesis.com.ar\/index.php\/wp-json\/wp\/v2\/tags?post=21645"}],"curies":[{"name":"wp","href":"https:\/\/api.w.org\/{rel}","templated":true}]}}