{"id":21612,"date":"2023-05-13T16:17:31","date_gmt":"2023-05-13T19:17:31","guid":{"rendered":"https:\/\/chacosintesis.com.ar\/?p=21612"},"modified":"2023-05-13T16:36:43","modified_gmt":"2023-05-13T19:36:43","slug":"inclusion-digital-docentes-recibieron-la-tarjeta-tuya-para-la-compra-de-computadoras","status":"publish","type":"post","link":"https:\/\/chacosintesis.com.ar\/index.php\/inclusion-digital-docentes-recibieron-la-tarjeta-tuya-para-la-compra-de-computadoras\/","title":{"rendered":"Inclusi\u00f3n Digital: Docentes recibieron la tarjeta Tuya para la compra de computadoras"},"content":{"rendered":"<p>El estado invirti\u00f3 $250.000.000 para garantizar el acceso a la tecnolog\u00eda. Ya 1.000 trabajadores fueron beneficiados con cr\u00e9ditos a tasa cero.<br \/>\nEn el Sal\u00f3n de Acuerdos Manuel Obligado, el gobernador Jorge Capitanich y la vicegobernadora Anal\u00eda Rach Quiroga entregaron 69 tarjetas Tuyas a docentes de seis localidades que ahora podr\u00e1n acceder a una computadora propia a tasa cero. Esta propuesta del Gobierno Provincial para facilitar la Inclusi\u00f3n Digital Docente permite acceder a un cr\u00e9dito sin inter\u00e9s para la compra de dispositivos hasta por $350.000, a cancelar en 12, 24 y 36 cuotas fijas.<br \/>\nEl programa Inclusi\u00f3n Digital Docente implica una inversi\u00f3n de $250.000.000 para que la docencia chaque\u00f1a pueda acceder a un dispositivo tecnol\u00f3gico que impacte les permita mejorar su proceso de ense\u00f1anza, incorporando el uso de la tecnolog\u00eda.<br \/>\nEn esta oportunidad, se entregaron 69 tarjetas Tuyas a docentes de Resistencia, Fontana, Barranqueras, Puerto Tirol, Colonia Ben\u00edtez y Margarita Bel\u00e9n. De esta manera, cada beneficiario y beneficiaria podr\u00e1 acercarse a los locales adheridos a la propuesta y hacer la compra de la computadora que necesitan.<br \/>\n\u201cEstamos facilitando el acceso a la tecnolog\u00eda por parte de los trabajadores docentes, tambi\u00e9n con infraestructura tecnol\u00f3gica a trav\u00e9s de 3.000 kil\u00f3metros de red de fibra \u00f3ptica y el desarrollo de la tecnolog\u00eda con el objeto de aumentar la velocidad de tr\u00e1fico\u201d, explic\u00f3 Capitanich. El gobernador se comprometi\u00f3 \u201ca seguir trabajando para mejorar sustancialmente la conectividad en las escuelas y a trav\u00e9s de un plan de \u00faltima milla de hogar para una mayor calidad de vida de docentes y alumnos de la provincia\u201d.<br \/>\nEn este acompa\u00f1aron a los mandatarios chaque\u00f1os los ministros Santiago P\u00e9rez Pons de Planificaci\u00f3n, Econom\u00eda e Infraestructura y Aldo Lineras, de Educaci\u00f3n.<br \/>\nC\u00f3mo acceder<br \/>\nEl programa Inclusi\u00f3n Digital Docente sigue abierto hasta ma\u00f1ana domingo 14. Las y los interesados en acceder pueden hacerlo a trav\u00e9s de sus usuarios en la plataforma Tu Gobierno Digital, a\u00f1adir la aplicaci\u00f3n y completar la inscripci\u00f3n. El lanzamiento de este programa fue en noviembre pasado y hasta ahora benefici\u00f3 a 1.000 trabajadores de la educaci\u00f3n de 48 localidades chaque\u00f1as.<br \/>\nInclusi\u00f3n Digital es una iniciativa donde intervienen Fiduciaria del Norte S.A., Nuevo Banco del Chaco y el Ministerio de Educaci\u00f3n, Cultura, Ciencia y Tecnolog\u00eda.<\/p>\n","protected":false},"excerpt":{"rendered":"<p>El estado invirti\u00f3 $250.000.000 para garantizar el acceso a la tecnolog\u00eda. Ya 1.000 trabajadores fueron beneficiados con cr\u00e9ditos a tasa cero. En el Sal\u00f3n de Acuerdos Manuel Obligado, el gobernador Jorge Capitanich y la vicegobernadora Anal\u00eda Rach Quiroga entregaron 69 tarjetas Tuyas a docentes de seis localidades que ahora podr\u00e1n acceder a una computadora propia [&hellip;]<\/p>\n","protected":false},"author":1,"featured_media":21613,"comment_status":"closed","ping_status":"closed","sticky":false,"template":"","format":"standard","meta":{"footnotes":""},"categories":[6],"tags":[],"class_list":{"0":"post-21612","1":"post","2":"type-post","3":"status-publish","4":"format-standard","5":"has-post-thumbnail","7":"category-chaco"},"_links":{"self":[{"href":"https:\/\/chacosintesis.com.ar\/index.php\/wp-json\/wp\/v2\/posts\/21612","targetHints":{"allow":["GET"]}}],"collection":[{"href":"https:\/\/chacosintesis.com.ar\/index.php\/wp-json\/wp\/v2\/posts"}],"about":[{"href":"https:\/\/chacosintesis.com.ar\/index.php\/wp-json\/wp\/v2\/types\/post"}],"author":[{"embeddable":true,"href":"https:\/\/chacosintesis.com.ar\/index.php\/wp-json\/wp\/v2\/users\/1"}],"replies":[{"embeddable":true,"href":"https:\/\/chacosintesis.com.ar\/index.php\/wp-json\/wp\/v2\/comments?post=21612"}],"version-history":[{"count":0,"href":"https:\/\/chacosintesis.com.ar\/index.php\/wp-json\/wp\/v2\/posts\/21612\/revisions"}],"wp:featuredmedia":[{"embeddable":true,"href":"https:\/\/chacosintesis.com.ar\/index.php\/wp-json\/wp\/v2\/media\/21613"}],"wp:attachment":[{"href":"https:\/\/chacosintesis.com.ar\/index.php\/wp-json\/wp\/v2\/media?parent=21612"}],"wp:term":[{"taxonomy":"category","embeddable":true,"href":"https:\/\/chacosintesis.com.ar\/index.php\/wp-json\/wp\/v2\/categories?post=21612"},{"taxonomy":"post_tag","embeddable":true,"href":"https:\/\/chacosintesis.com.ar\/index.php\/wp-json\/wp\/v2\/tags?post=21612"}],"curies":[{"name":"wp","href":"https:\/\/api.w.org\/{rel}","templated":true}]}}